{"id":6884,"date":"2022-11-21T20:44:25","date_gmt":"2022-11-21T20:44:25","guid":{"rendered":"https:\/\/hercegovina.edu.ba\/hr\/?p=6884"},"modified":"2022-11-21T20:44:25","modified_gmt":"2022-11-21T20:44:25","slug":"erasmus-natjecaj-za-odlaznu-mobilnost-studenata","status":"publish","type":"post","link":"https:\/\/hercegovina.edu.ba\/hr\/erasmus-natjecaj-za-odlaznu-mobilnost-studenata\/","title":{"rendered":"ERASMUS+ Natje\u010daj za odlaznu mobilnost studenata &#8211; Vukovar"},"content":{"rendered":"\n<p><em>INTERNI NATJE\u010cAJ za izbor kandidata i dodjelu financijskih potpora za odlaznu<br> mobilnost studenata u svrhu studijskog boravka u okviru programa Erasmus+ KA<br> 171 projekti mobilnosti izme\u0111u programskih i partnerskih zemalja za projekt<br> 2022-1-HR01-KA171-HED-76870.<\/em><\/p>\n\n\n\n<ul class=\"wp-block-list\"><li><strong><a href=\"https:\/\/hercegovina.edu.ba\/hr\/wp-content\/uploads\/2022\/11\/Natjecaj-za-studente-studeni-2022.docx-1.pdf\">Preuzmi natje\u010daj (pdf)<\/a><\/strong><\/li><\/ul>\n","protected":false},"excerpt":{"rendered":"<p>INTERNI NATJE\u010cAJ za izbor kandidata i dodjelu financijskih potpora za odlaznu mobilnost studenata u svrhu studijskog boravka u okviru programa Erasmus+ KA 171 projekti mobilnosti izme\u0111u programskih i partnerskih zemalja za projekt 2022-1-HR01-KA171-HED-76870. Preuzmi natje\u010daj (pdf)<\/p>\n","protected":false},"author":4,"featured_media":4133,"comment_status":"open","ping_status":"open","sticky":false,"template":"","format":"standard","meta":{"_jetpack_memberships_contains_paid_content":false,"footnotes":""},"categories":[65,66,64],"tags":[],"class_list":["post-6884","post","type-post","status-publish","format-standard","has-post-thumbnail","hentry","category-natjecaj","category-novosti","category-vijesti"],"yoast_head":"<!-- This site is optimized with the Yoast SEO plugin v27.3 - https:\/\/yoast.com\/product\/yoast-seo-wordpress\/ -->\n<title>ERASMUS+ Natje\u010daj za odlaznu mobilnost studenata - Vukovar - Sveu\u010dili\u0161te Hercegovina<\/title>\n<meta name=\"robots\" content=\"index, follow, max-snippet:-1, max-image-preview:large, max-video-preview:-1\" \/>\n<link rel=\"canonical\" href=\"https:\/\/hercegovina.edu.ba\/hr\/erasmus-natjecaj-za-odlaznu-mobilnost-studenata\/\" \/>\n<meta property=\"og:locale\" content=\"hr_HR\" \/>\n<meta property=\"og:type\" content=\"article\" \/>\n<meta property=\"og:title\" content=\"ERASMUS+ Natje\u010daj za odlaznu mobilnost studenata - Vukovar - Sveu\u010dili\u0161te Hercegovina\" \/>\n<meta property=\"og:description\" content=\"INTERNI NATJE\u010cAJ za izbor kandidata i dodjelu financijskih potpora za odlaznu mobilnost studenata u svrhu studijskog boravka u okviru programa Erasmus+ KA 171 projekti mobilnosti izme\u0111u programskih i partnerskih zemalja za projekt 2022-1-HR01-KA171-HED-76870. Preuzmi natje\u010daj (pdf)\" \/>\n<meta property=\"og:url\" content=\"https:\/\/hercegovina.edu.ba\/hr\/erasmus-natjecaj-za-odlaznu-mobilnost-studenata\/\" \/>\n<meta property=\"og:site_name\" content=\"Sveu\u010dili\u0161te Hercegovina\" \/>\n<meta property=\"article:published_time\" content=\"2022-11-21T20:44:25+00:00\" \/>\n<meta property=\"og:image\" content=\"https:\/\/hercegovina.edu.ba\/hr\/wp-content\/uploads\/2020\/11\/erasmus.jpg\" \/>\n\t<meta property=\"og:image:width\" content=\"500\" \/>\n\t<meta property=\"og:image:height\" content=\"500\" \/>\n\t<meta property=\"og:image:type\" content=\"image\/jpeg\" \/>\n<meta name=\"author\" content=\"-\" \/>\n<meta name=\"twitter:card\" content=\"summary_large_image\" \/>\n<meta name=\"twitter:label1\" content=\"Napisao\/la\" \/>\n\t<meta name=\"twitter:data1\" content=\"-\" \/>\n<script type=\"application\/ld+json\" class=\"yoast-schema-graph\">{\"@context\":\"https:\\\/\\\/schema.org\",\"@graph\":[{\"@type\":\"Article\",\"@id\":\"https:\\\/\\\/hercegovina.edu.ba\\\/hr\\\/erasmus-natjecaj-za-odlaznu-mobilnost-studenata\\\/#article\",\"isPartOf\":{\"@id\":\"https:\\\/\\\/hercegovina.edu.ba\\\/hr\\\/erasmus-natjecaj-za-odlaznu-mobilnost-studenata\\\/\"},\"author\":{\"name\":\"-\",\"@id\":\"https:\\\/\\\/hercegovina.edu.ba\\\/hr\\\/#\\\/schema\\\/person\\\/afeb01a0b3af140cf1b50c462e13adff\"},\"headline\":\"ERASMUS+ Natje\u010daj za odlaznu mobilnost studenata &#8211; Vukovar\",\"datePublished\":\"2022-11-21T20:44:25+00:00\",\"mainEntityOfPage\":{\"@id\":\"https:\\\/\\\/hercegovina.edu.ba\\\/hr\\\/erasmus-natjecaj-za-odlaznu-mobilnost-studenata\\\/\"},\"wordCount\":50,\"commentCount\":0,\"publisher\":{\"@id\":\"https:\\\/\\\/hercegovina.edu.ba\\\/hr\\\/#organization\"},\"image\":{\"@id\":\"https:\\\/\\\/hercegovina.edu.ba\\\/hr\\\/erasmus-natjecaj-za-odlaznu-mobilnost-studenata\\\/#primaryimage\"},\"thumbnailUrl\":\"https:\\\/\\\/hercegovina.edu.ba\\\/hr\\\/wp-content\\\/uploads\\\/2020\\\/11\\\/erasmus.jpg\",\"articleSection\":[\"Natje\u010daj\",\"Novosti\",\"Vijesti\"],\"inLanguage\":\"hr\",\"potentialAction\":[{\"@type\":\"CommentAction\",\"name\":\"Comment\",\"target\":[\"https:\\\/\\\/hercegovina.edu.ba\\\/hr\\\/erasmus-natjecaj-za-odlaznu-mobilnost-studenata\\\/#respond\"]}]},{\"@type\":\"WebPage\",\"@id\":\"https:\\\/\\\/hercegovina.edu.ba\\\/hr\\\/erasmus-natjecaj-za-odlaznu-mobilnost-studenata\\\/\",\"url\":\"https:\\\/\\\/hercegovina.edu.ba\\\/hr\\\/erasmus-natjecaj-za-odlaznu-mobilnost-studenata\\\/\",\"name\":\"ERASMUS+ Natje\u010daj za odlaznu mobilnost studenata - Vukovar - Sveu\u010dili\u0161te Hercegovina\",\"isPartOf\":{\"@id\":\"https:\\\/\\\/hercegovina.edu.ba\\\/hr\\\/#website\"},\"primaryImageOfPage\":{\"@id\":\"https:\\\/\\\/hercegovina.edu.ba\\\/hr\\\/erasmus-natjecaj-za-odlaznu-mobilnost-studenata\\\/#primaryimage\"},\"image\":{\"@id\":\"https:\\\/\\\/hercegovina.edu.ba\\\/hr\\\/erasmus-natjecaj-za-odlaznu-mobilnost-studenata\\\/#primaryimage\"},\"thumbnailUrl\":\"https:\\\/\\\/hercegovina.edu.ba\\\/hr\\\/wp-content\\\/uploads\\\/2020\\\/11\\\/erasmus.jpg\",\"datePublished\":\"2022-11-21T20:44:25+00:00\",\"breadcrumb\":{\"@id\":\"https:\\\/\\\/hercegovina.edu.ba\\\/hr\\\/erasmus-natjecaj-za-odlaznu-mobilnost-studenata\\\/#breadcrumb\"},\"inLanguage\":\"hr\",\"potentialAction\":[{\"@type\":\"ReadAction\",\"target\":[\"https:\\\/\\\/hercegovina.edu.ba\\\/hr\\\/erasmus-natjecaj-za-odlaznu-mobilnost-studenata\\\/\"]}]},{\"@type\":\"ImageObject\",\"inLanguage\":\"hr\",\"@id\":\"https:\\\/\\\/hercegovina.edu.ba\\\/hr\\\/erasmus-natjecaj-za-odlaznu-mobilnost-studenata\\\/#primaryimage\",\"url\":\"https:\\\/\\\/hercegovina.edu.ba\\\/hr\\\/wp-content\\\/uploads\\\/2020\\\/11\\\/erasmus.jpg\",\"contentUrl\":\"https:\\\/\\\/hercegovina.edu.ba\\\/hr\\\/wp-content\\\/uploads\\\/2020\\\/11\\\/erasmus.jpg\",\"width\":500,\"height\":500},{\"@type\":\"BreadcrumbList\",\"@id\":\"https:\\\/\\\/hercegovina.edu.ba\\\/hr\\\/erasmus-natjecaj-za-odlaznu-mobilnost-studenata\\\/#breadcrumb\",\"itemListElement\":[{\"@type\":\"ListItem\",\"position\":1,\"name\":\"Po\u010detna stranica\",\"item\":\"https:\\\/\\\/hercegovina.edu.ba\\\/hr\\\/\"},{\"@type\":\"ListItem\",\"position\":2,\"name\":\"ERASMUS+ Natje\u010daj za odlaznu mobilnost studenata &#8211; Vukovar\"}]},{\"@type\":\"WebSite\",\"@id\":\"https:\\\/\\\/hercegovina.edu.ba\\\/hr\\\/#website\",\"url\":\"https:\\\/\\\/hercegovina.edu.ba\\\/hr\\\/\",\"name\":\"Sveu\u010dili\u0161te Hercegovina\",\"description\":\"Obrazovanje\",\"publisher\":{\"@id\":\"https:\\\/\\\/hercegovina.edu.ba\\\/hr\\\/#organization\"},\"potentialAction\":[{\"@type\":\"SearchAction\",\"target\":{\"@type\":\"EntryPoint\",\"urlTemplate\":\"https:\\\/\\\/hercegovina.edu.ba\\\/hr\\\/?s={search_term_string}\"},\"query-input\":{\"@type\":\"PropertyValueSpecification\",\"valueRequired\":true,\"valueName\":\"search_term_string\"}}],\"inLanguage\":\"hr\"},{\"@type\":\"Organization\",\"@id\":\"https:\\\/\\\/hercegovina.edu.ba\\\/hr\\\/#organization\",\"name\":\"Sveu\u010dili\u0161te Hercegovina\",\"url\":\"https:\\\/\\\/hercegovina.edu.ba\\\/hr\\\/\",\"logo\":{\"@type\":\"ImageObject\",\"inLanguage\":\"hr\",\"@id\":\"https:\\\/\\\/hercegovina.edu.ba\\\/hr\\\/#\\\/schema\\\/logo\\\/image\\\/\",\"url\":\"https:\\\/\\\/hercegovina.edu.ba\\\/hr\\\/wp-content\\\/uploads\\\/2025\\\/03\\\/1sveherc.png\",\"contentUrl\":\"https:\\\/\\\/hercegovina.edu.ba\\\/hr\\\/wp-content\\\/uploads\\\/2025\\\/03\\\/1sveherc.png\",\"width\":300,\"height\":100,\"caption\":\"Sveu\u010dili\u0161te Hercegovina\"},\"image\":{\"@id\":\"https:\\\/\\\/hercegovina.edu.ba\\\/hr\\\/#\\\/schema\\\/logo\\\/image\\\/\"}},{\"@type\":\"Person\",\"@id\":\"https:\\\/\\\/hercegovina.edu.ba\\\/hr\\\/#\\\/schema\\\/person\\\/afeb01a0b3af140cf1b50c462e13adff\",\"name\":\"-\",\"image\":{\"@type\":\"ImageObject\",\"inLanguage\":\"hr\",\"@id\":\"https:\\\/\\\/secure.gravatar.com\\\/avatar\\\/0cdf7dfed6a243ce08f1377bb4ed086b0779c820127bd5a7a4d9c74c2e14bddb?s=96&d=mm&r=g\",\"url\":\"https:\\\/\\\/secure.gravatar.com\\\/avatar\\\/0cdf7dfed6a243ce08f1377bb4ed086b0779c820127bd5a7a4d9c74c2e14bddb?s=96&d=mm&r=g\",\"contentUrl\":\"https:\\\/\\\/secure.gravatar.com\\\/avatar\\\/0cdf7dfed6a243ce08f1377bb4ed086b0779c820127bd5a7a4d9c74c2e14bddb?s=96&d=mm&r=g\",\"caption\":\"-\"},\"url\":\"https:\\\/\\\/hercegovina.edu.ba\\\/hr\\\/author\\\/idodig\\\/\"}]}<\/script>\n<!-- \/ Yoast SEO plugin. -->","yoast_head_json":{"title":"ERASMUS+ Natje\u010daj za odlaznu mobilnost studenata - Vukovar - Sveu\u010dili\u0161te Hercegovina","robots":{"index":"index","follow":"follow","max-snippet":"max-snippet:-1","max-image-preview":"max-image-preview:large","max-video-preview":"max-video-preview:-1"},"canonical":"https:\/\/hercegovina.edu.ba\/hr\/erasmus-natjecaj-za-odlaznu-mobilnost-studenata\/","og_locale":"hr_HR","og_type":"article","og_title":"ERASMUS+ Natje\u010daj za odlaznu mobilnost studenata - Vukovar - Sveu\u010dili\u0161te Hercegovina","og_description":"INTERNI NATJE\u010cAJ za izbor kandidata i dodjelu financijskih potpora za odlaznu mobilnost studenata u svrhu studijskog boravka u okviru programa Erasmus+ KA 171 projekti mobilnosti izme\u0111u programskih i partnerskih zemalja za projekt 2022-1-HR01-KA171-HED-76870. Preuzmi natje\u010daj (pdf)","og_url":"https:\/\/hercegovina.edu.ba\/hr\/erasmus-natjecaj-za-odlaznu-mobilnost-studenata\/","og_site_name":"Sveu\u010dili\u0161te Hercegovina","article_published_time":"2022-11-21T20:44:25+00:00","og_image":[{"width":500,"height":500,"url":"https:\/\/hercegovina.edu.ba\/hr\/wp-content\/uploads\/2020\/11\/erasmus.jpg","type":"image\/jpeg"}],"author":"-","twitter_card":"summary_large_image","twitter_misc":{"Napisao\/la":"-"},"schema":{"@context":"https:\/\/schema.org","@graph":[{"@type":"Article","@id":"https:\/\/hercegovina.edu.ba\/hr\/erasmus-natjecaj-za-odlaznu-mobilnost-studenata\/#article","isPartOf":{"@id":"https:\/\/hercegovina.edu.ba\/hr\/erasmus-natjecaj-za-odlaznu-mobilnost-studenata\/"},"author":{"name":"-","@id":"https:\/\/hercegovina.edu.ba\/hr\/#\/schema\/person\/afeb01a0b3af140cf1b50c462e13adff"},"headline":"ERASMUS+ Natje\u010daj za odlaznu mobilnost studenata &#8211; Vukovar","datePublished":"2022-11-21T20:44:25+00:00","mainEntityOfPage":{"@id":"https:\/\/hercegovina.edu.ba\/hr\/erasmus-natjecaj-za-odlaznu-mobilnost-studenata\/"},"wordCount":50,"commentCount":0,"publisher":{"@id":"https:\/\/hercegovina.edu.ba\/hr\/#organization"},"image":{"@id":"https:\/\/hercegovina.edu.ba\/hr\/erasmus-natjecaj-za-odlaznu-mobilnost-studenata\/#primaryimage"},"thumbnailUrl":"https:\/\/hercegovina.edu.ba\/hr\/wp-content\/uploads\/2020\/11\/erasmus.jpg","articleSection":["Natje\u010daj","Novosti","Vijesti"],"inLanguage":"hr","potentialAction":[{"@type":"CommentAction","name":"Comment","target":["https:\/\/hercegovina.edu.ba\/hr\/erasmus-natjecaj-za-odlaznu-mobilnost-studenata\/#respond"]}]},{"@type":"WebPage","@id":"https:\/\/hercegovina.edu.ba\/hr\/erasmus-natjecaj-za-odlaznu-mobilnost-studenata\/","url":"https:\/\/hercegovina.edu.ba\/hr\/erasmus-natjecaj-za-odlaznu-mobilnost-studenata\/","name":"ERASMUS+ Natje\u010daj za odlaznu mobilnost studenata - Vukovar - Sveu\u010dili\u0161te Hercegovina","isPartOf":{"@id":"https:\/\/hercegovina.edu.ba\/hr\/#website"},"primaryImageOfPage":{"@id":"https:\/\/hercegovina.edu.ba\/hr\/erasmus-natjecaj-za-odlaznu-mobilnost-studenata\/#primaryimage"},"image":{"@id":"https:\/\/hercegovina.edu.ba\/hr\/erasmus-natjecaj-za-odlaznu-mobilnost-studenata\/#primaryimage"},"thumbnailUrl":"https:\/\/hercegovina.edu.ba\/hr\/wp-content\/uploads\/2020\/11\/erasmus.jpg","datePublished":"2022-11-21T20:44:25+00:00","breadcrumb":{"@id":"https:\/\/hercegovina.edu.ba\/hr\/erasmus-natjecaj-za-odlaznu-mobilnost-studenata\/#breadcrumb"},"inLanguage":"hr","potentialAction":[{"@type":"ReadAction","target":["https:\/\/hercegovina.edu.ba\/hr\/erasmus-natjecaj-za-odlaznu-mobilnost-studenata\/"]}]},{"@type":"ImageObject","inLanguage":"hr","@id":"https:\/\/hercegovina.edu.ba\/hr\/erasmus-natjecaj-za-odlaznu-mobilnost-studenata\/#primaryimage","url":"https:\/\/hercegovina.edu.ba\/hr\/wp-content\/uploads\/2020\/11\/erasmus.jpg","contentUrl":"https:\/\/hercegovina.edu.ba\/hr\/wp-content\/uploads\/2020\/11\/erasmus.jpg","width":500,"height":500},{"@type":"BreadcrumbList","@id":"https:\/\/hercegovina.edu.ba\/hr\/erasmus-natjecaj-za-odlaznu-mobilnost-studenata\/#breadcrumb","itemListElement":[{"@type":"ListItem","position":1,"name":"Po\u010detna stranica","item":"https:\/\/hercegovina.edu.ba\/hr\/"},{"@type":"ListItem","position":2,"name":"ERASMUS+ Natje\u010daj za odlaznu mobilnost studenata &#8211; Vukovar"}]},{"@type":"WebSite","@id":"https:\/\/hercegovina.edu.ba\/hr\/#website","url":"https:\/\/hercegovina.edu.ba\/hr\/","name":"Sveu\u010dili\u0161te Hercegovina","description":"Obrazovanje","publisher":{"@id":"https:\/\/hercegovina.edu.ba\/hr\/#organization"},"potentialAction":[{"@type":"SearchAction","target":{"@type":"EntryPoint","urlTemplate":"https:\/\/hercegovina.edu.ba\/hr\/?s={search_term_string}"},"query-input":{"@type":"PropertyValueSpecification","valueRequired":true,"valueName":"search_term_string"}}],"inLanguage":"hr"},{"@type":"Organization","@id":"https:\/\/hercegovina.edu.ba\/hr\/#organization","name":"Sveu\u010dili\u0161te Hercegovina","url":"https:\/\/hercegovina.edu.ba\/hr\/","logo":{"@type":"ImageObject","inLanguage":"hr","@id":"https:\/\/hercegovina.edu.ba\/hr\/#\/schema\/logo\/image\/","url":"https:\/\/hercegovina.edu.ba\/hr\/wp-content\/uploads\/2025\/03\/1sveherc.png","contentUrl":"https:\/\/hercegovina.edu.ba\/hr\/wp-content\/uploads\/2025\/03\/1sveherc.png","width":300,"height":100,"caption":"Sveu\u010dili\u0161te Hercegovina"},"image":{"@id":"https:\/\/hercegovina.edu.ba\/hr\/#\/schema\/logo\/image\/"}},{"@type":"Person","@id":"https:\/\/hercegovina.edu.ba\/hr\/#\/schema\/person\/afeb01a0b3af140cf1b50c462e13adff","name":"-","image":{"@type":"ImageObject","inLanguage":"hr","@id":"https:\/\/secure.gravatar.com\/avatar\/0cdf7dfed6a243ce08f1377bb4ed086b0779c820127bd5a7a4d9c74c2e14bddb?s=96&d=mm&r=g","url":"https:\/\/secure.gravatar.com\/avatar\/0cdf7dfed6a243ce08f1377bb4ed086b0779c820127bd5a7a4d9c74c2e14bddb?s=96&d=mm&r=g","contentUrl":"https:\/\/secure.gravatar.com\/avatar\/0cdf7dfed6a243ce08f1377bb4ed086b0779c820127bd5a7a4d9c74c2e14bddb?s=96&d=mm&r=g","caption":"-"},"url":"https:\/\/hercegovina.edu.ba\/hr\/author\/idodig\/"}]}},"jetpack_featured_media_url":"https:\/\/hercegovina.edu.ba\/hr\/wp-content\/uploads\/2020\/11\/erasmus.jpg","jetpack_sharing_enabled":true,"_links":{"self":[{"href":"https:\/\/hercegovina.edu.ba\/hr\/wp-json\/wp\/v2\/posts\/6884","targetHints":{"allow":["GET"]}}],"collection":[{"href":"https:\/\/hercegovina.edu.ba\/hr\/wp-json\/wp\/v2\/posts"}],"about":[{"href":"https:\/\/hercegovina.edu.ba\/hr\/wp-json\/wp\/v2\/types\/post"}],"author":[{"embeddable":true,"href":"https:\/\/hercegovina.edu.ba\/hr\/wp-json\/wp\/v2\/users\/4"}],"replies":[{"embeddable":true,"href":"https:\/\/hercegovina.edu.ba\/hr\/wp-json\/wp\/v2\/comments?post=6884"}],"version-history":[{"count":0,"href":"https:\/\/hercegovina.edu.ba\/hr\/wp-json\/wp\/v2\/posts\/6884\/revisions"}],"wp:featuredmedia":[{"embeddable":true,"href":"https:\/\/hercegovina.edu.ba\/hr\/wp-json\/wp\/v2\/media\/4133"}],"wp:attachment":[{"href":"https:\/\/hercegovina.edu.ba\/hr\/wp-json\/wp\/v2\/media?parent=6884"}],"wp:term":[{"taxonomy":"category","embeddable":true,"href":"https:\/\/hercegovina.edu.ba\/hr\/wp-json\/wp\/v2\/categories?post=6884"},{"taxonomy":"post_tag","embeddable":true,"href":"https:\/\/hercegovina.edu.ba\/hr\/wp-json\/wp\/v2\/tags?post=6884"}],"curies":[{"name":"wp","href":"https:\/\/api.w.org\/{rel}","templated":true}]}}