{"id":6226,"date":"2022-01-21T09:43:24","date_gmt":"2022-01-21T09:43:24","guid":{"rendered":"https:\/\/hercegovina.edu.ba\/hr\/?p=6226"},"modified":"2022-01-21T09:43:24","modified_gmt":"2022-01-21T09:43:24","slug":"prijavi-se-na-tecaj-znakovnog-jezika","status":"publish","type":"post","link":"https:\/\/hercegovina.edu.ba\/hr\/prijavi-se-na-tecaj-znakovnog-jezika\/","title":{"rendered":"Prijavi se na te\u010daj znakovnog jezika"},"content":{"rendered":"\n<p>Nau\u010di ne\u0161to novo i korisno &#8211; obogati svoja znanja vje\u0161tinom koja mo\u017ee pomo\u0107i mnogima!Centar CIERI Sveu\u010dili\u0161ta Hercegovina poziva sve zainteresirane koji \u017eele nau\u010diti ZNAKOVNI JEZIK da se prijave na besplatni TE\u010cAJ ZNAKOVNOG JEZIKA. Te\u010daj \u0107e se odvijati ONLINE, u trajanju od 10 sati, predvi\u0111en je za po\u010detnike, odnosno osobe koje prvi put u\u010de znakovni jezik, a prvi sat je predvi\u0111en za 8. velja\u010de 2022. godine s po\u010detkom u 18 sati.Za prijavu na te\u010daj dovoljno je da samo po\u0161alje\u0161 svoje ime i prezime  na e-adresu: cieri@hercegovina.edu.ba najkasnije do 1. velja\u010de 2022.Svi koji uspje\u0161no pro\u0111u ovaj te\u010daj dobit \u0107e potvrdnicu o zavr\u0161enom po\u010detnom stupnju poznavanja znakovnog jezika. <\/p>\n","protected":false},"excerpt":{"rendered":"<p>Nau\u010di ne\u0161to novo i korisno &#8211; obogati svoja znanja vje\u0161tinom koja mo\u017ee pomo\u0107i mnogima!Centar CIERI Sveu\u010dili\u0161ta Hercegovina poziva sve zainteresirane koji \u017eele nau\u010diti ZNAKOVNI JEZIK da se prijave na besplatni TE\u010cAJ ZNAKOVNOG JEZIKA. Te\u010daj \u0107e se odvijati ONLINE, u trajanju &hellip; <\/p>\n","protected":false},"author":3,"featured_media":6228,"comment_status":"open","ping_status":"open","sticky":false,"template":"","format":"standard","meta":{"_jetpack_memberships_contains_paid_content":false,"footnotes":""},"categories":[66,64],"tags":[],"class_list":["post-6226","post","type-post","status-publish","format-standard","has-post-thumbnail","hentry","category-novosti","category-vijesti"],"yoast_head":"<!-- This site is optimized with the Yoast SEO plugin v27.3 - https:\/\/yoast.com\/product\/yoast-seo-wordpress\/ -->\n<title>Prijavi se na te\u010daj znakovnog jezika - Sveu\u010dili\u0161te Hercegovina<\/title>\n<meta name=\"robots\" content=\"index, follow, max-snippet:-1, max-image-preview:large, max-video-preview:-1\" \/>\n<link rel=\"canonical\" href=\"https:\/\/hercegovina.edu.ba\/hr\/prijavi-se-na-tecaj-znakovnog-jezika\/\" \/>\n<meta property=\"og:locale\" content=\"hr_HR\" \/>\n<meta property=\"og:type\" content=\"article\" \/>\n<meta property=\"og:title\" content=\"Prijavi se na te\u010daj znakovnog jezika - Sveu\u010dili\u0161te Hercegovina\" \/>\n<meta property=\"og:description\" content=\"Nau\u010di ne\u0161to novo i korisno &#8211; obogati svoja znanja vje\u0161tinom koja mo\u017ee pomo\u0107i mnogima!Centar CIERI Sveu\u010dili\u0161ta Hercegovina poziva sve zainteresirane koji \u017eele nau\u010diti ZNAKOVNI JEZIK da se prijave na besplatni TE\u010cAJ ZNAKOVNOG JEZIKA. Te\u010daj \u0107e se odvijati ONLINE, u trajanju &hellip;\" \/>\n<meta property=\"og:url\" content=\"https:\/\/hercegovina.edu.ba\/hr\/prijavi-se-na-tecaj-znakovnog-jezika\/\" \/>\n<meta property=\"og:site_name\" content=\"Sveu\u010dili\u0161te Hercegovina\" \/>\n<meta property=\"article:published_time\" content=\"2022-01-21T09:43:24+00:00\" \/>\n<meta property=\"og:image\" content=\"https:\/\/hercegovina.edu.ba\/hr\/wp-content\/uploads\/2022\/01\/Bez-naslova-Objava-na-Facebooku-Prezentacija-169.png\" \/>\n\t<meta property=\"og:image:width\" content=\"1920\" \/>\n\t<meta property=\"og:image:height\" content=\"1080\" \/>\n\t<meta property=\"og:image:type\" content=\"image\/png\" \/>\n<meta name=\"author\" content=\"Sveu\u010dili\u0161te Hercegovina\" \/>\n<meta name=\"twitter:card\" content=\"summary_large_image\" \/>\n<meta name=\"twitter:label1\" content=\"Napisao\/la\" \/>\n\t<meta name=\"twitter:data1\" content=\"Sveu\u010dili\u0161te Hercegovina\" \/>\n\t<meta name=\"twitter:label2\" content=\"Procijenjeno vrijeme \u010ditanja\" \/>\n\t<meta name=\"twitter:data2\" content=\"1 minuta\" \/>\n<script type=\"application\/ld+json\" class=\"yoast-schema-graph\">{\"@context\":\"https:\\\/\\\/schema.org\",\"@graph\":[{\"@type\":\"Article\",\"@id\":\"https:\\\/\\\/hercegovina.edu.ba\\\/hr\\\/prijavi-se-na-tecaj-znakovnog-jezika\\\/#article\",\"isPartOf\":{\"@id\":\"https:\\\/\\\/hercegovina.edu.ba\\\/hr\\\/prijavi-se-na-tecaj-znakovnog-jezika\\\/\"},\"author\":{\"name\":\"Sveu\u010dili\u0161te Hercegovina\",\"@id\":\"https:\\\/\\\/hercegovina.edu.ba\\\/hr\\\/#\\\/schema\\\/person\\\/35827182256512902e55ec4576d5c43c\"},\"headline\":\"Prijavi se na te\u010daj znakovnog jezika\",\"datePublished\":\"2022-01-21T09:43:24+00:00\",\"mainEntityOfPage\":{\"@id\":\"https:\\\/\\\/hercegovina.edu.ba\\\/hr\\\/prijavi-se-na-tecaj-znakovnog-jezika\\\/\"},\"wordCount\":136,\"commentCount\":0,\"publisher\":{\"@id\":\"https:\\\/\\\/hercegovina.edu.ba\\\/hr\\\/#organization\"},\"image\":{\"@id\":\"https:\\\/\\\/hercegovina.edu.ba\\\/hr\\\/prijavi-se-na-tecaj-znakovnog-jezika\\\/#primaryimage\"},\"thumbnailUrl\":\"https:\\\/\\\/hercegovina.edu.ba\\\/hr\\\/wp-content\\\/uploads\\\/2022\\\/01\\\/Bez-naslova-Objava-na-Facebooku-Prezentacija-169.png\",\"articleSection\":[\"Novosti\",\"Vijesti\"],\"inLanguage\":\"hr\",\"potentialAction\":[{\"@type\":\"CommentAction\",\"name\":\"Comment\",\"target\":[\"https:\\\/\\\/hercegovina.edu.ba\\\/hr\\\/prijavi-se-na-tecaj-znakovnog-jezika\\\/#respond\"]}]},{\"@type\":\"WebPage\",\"@id\":\"https:\\\/\\\/hercegovina.edu.ba\\\/hr\\\/prijavi-se-na-tecaj-znakovnog-jezika\\\/\",\"url\":\"https:\\\/\\\/hercegovina.edu.ba\\\/hr\\\/prijavi-se-na-tecaj-znakovnog-jezika\\\/\",\"name\":\"Prijavi se na te\u010daj znakovnog jezika - Sveu\u010dili\u0161te Hercegovina\",\"isPartOf\":{\"@id\":\"https:\\\/\\\/hercegovina.edu.ba\\\/hr\\\/#website\"},\"primaryImageOfPage\":{\"@id\":\"https:\\\/\\\/hercegovina.edu.ba\\\/hr\\\/prijavi-se-na-tecaj-znakovnog-jezika\\\/#primaryimage\"},\"image\":{\"@id\":\"https:\\\/\\\/hercegovina.edu.ba\\\/hr\\\/prijavi-se-na-tecaj-znakovnog-jezika\\\/#primaryimage\"},\"thumbnailUrl\":\"https:\\\/\\\/hercegovina.edu.ba\\\/hr\\\/wp-content\\\/uploads\\\/2022\\\/01\\\/Bez-naslova-Objava-na-Facebooku-Prezentacija-169.png\",\"datePublished\":\"2022-01-21T09:43:24+00:00\",\"breadcrumb\":{\"@id\":\"https:\\\/\\\/hercegovina.edu.ba\\\/hr\\\/prijavi-se-na-tecaj-znakovnog-jezika\\\/#breadcrumb\"},\"inLanguage\":\"hr\",\"potentialAction\":[{\"@type\":\"ReadAction\",\"target\":[\"https:\\\/\\\/hercegovina.edu.ba\\\/hr\\\/prijavi-se-na-tecaj-znakovnog-jezika\\\/\"]}]},{\"@type\":\"ImageObject\",\"inLanguage\":\"hr\",\"@id\":\"https:\\\/\\\/hercegovina.edu.ba\\\/hr\\\/prijavi-se-na-tecaj-znakovnog-jezika\\\/#primaryimage\",\"url\":\"https:\\\/\\\/hercegovina.edu.ba\\\/hr\\\/wp-content\\\/uploads\\\/2022\\\/01\\\/Bez-naslova-Objava-na-Facebooku-Prezentacija-169.png\",\"contentUrl\":\"https:\\\/\\\/hercegovina.edu.ba\\\/hr\\\/wp-content\\\/uploads\\\/2022\\\/01\\\/Bez-naslova-Objava-na-Facebooku-Prezentacija-169.png\",\"width\":1920,\"height\":1080},{\"@type\":\"BreadcrumbList\",\"@id\":\"https:\\\/\\\/hercegovina.edu.ba\\\/hr\\\/prijavi-se-na-tecaj-znakovnog-jezika\\\/#breadcrumb\",\"itemListElement\":[{\"@type\":\"ListItem\",\"position\":1,\"name\":\"Po\u010detna stranica\",\"item\":\"https:\\\/\\\/hercegovina.edu.ba\\\/hr\\\/\"},{\"@type\":\"ListItem\",\"position\":2,\"name\":\"Prijavi se na te\u010daj znakovnog jezika\"}]},{\"@type\":\"WebSite\",\"@id\":\"https:\\\/\\\/hercegovina.edu.ba\\\/hr\\\/#website\",\"url\":\"https:\\\/\\\/hercegovina.edu.ba\\\/hr\\\/\",\"name\":\"Sveu\u010dili\u0161te Hercegovina\",\"description\":\"Obrazovanje\",\"publisher\":{\"@id\":\"https:\\\/\\\/hercegovina.edu.ba\\\/hr\\\/#organization\"},\"potentialAction\":[{\"@type\":\"SearchAction\",\"target\":{\"@type\":\"EntryPoint\",\"urlTemplate\":\"https:\\\/\\\/hercegovina.edu.ba\\\/hr\\\/?s={search_term_string}\"},\"query-input\":{\"@type\":\"PropertyValueSpecification\",\"valueRequired\":true,\"valueName\":\"search_term_string\"}}],\"inLanguage\":\"hr\"},{\"@type\":\"Organization\",\"@id\":\"https:\\\/\\\/hercegovina.edu.ba\\\/hr\\\/#organization\",\"name\":\"Sveu\u010dili\u0161te Hercegovina\",\"url\":\"https:\\\/\\\/hercegovina.edu.ba\\\/hr\\\/\",\"logo\":{\"@type\":\"ImageObject\",\"inLanguage\":\"hr\",\"@id\":\"https:\\\/\\\/hercegovina.edu.ba\\\/hr\\\/#\\\/schema\\\/logo\\\/image\\\/\",\"url\":\"https:\\\/\\\/hercegovina.edu.ba\\\/hr\\\/wp-content\\\/uploads\\\/2025\\\/03\\\/1sveherc.png\",\"contentUrl\":\"https:\\\/\\\/hercegovina.edu.ba\\\/hr\\\/wp-content\\\/uploads\\\/2025\\\/03\\\/1sveherc.png\",\"width\":300,\"height\":100,\"caption\":\"Sveu\u010dili\u0161te Hercegovina\"},\"image\":{\"@id\":\"https:\\\/\\\/hercegovina.edu.ba\\\/hr\\\/#\\\/schema\\\/logo\\\/image\\\/\"}},{\"@type\":\"Person\",\"@id\":\"https:\\\/\\\/hercegovina.edu.ba\\\/hr\\\/#\\\/schema\\\/person\\\/35827182256512902e55ec4576d5c43c\",\"name\":\"Sveu\u010dili\u0161te Hercegovina\",\"image\":{\"@type\":\"ImageObject\",\"inLanguage\":\"hr\",\"@id\":\"https:\\\/\\\/secure.gravatar.com\\\/avatar\\\/ddac80ee6bb8e6b64c95a48a2b875bf3265f78bea7e4ca80ce68244cf2b3d3b9?s=96&d=mm&r=g\",\"url\":\"https:\\\/\\\/secure.gravatar.com\\\/avatar\\\/ddac80ee6bb8e6b64c95a48a2b875bf3265f78bea7e4ca80ce68244cf2b3d3b9?s=96&d=mm&r=g\",\"contentUrl\":\"https:\\\/\\\/secure.gravatar.com\\\/avatar\\\/ddac80ee6bb8e6b64c95a48a2b875bf3265f78bea7e4ca80ce68244cf2b3d3b9?s=96&d=mm&r=g\",\"caption\":\"Sveu\u010dili\u0161te Hercegovina\"},\"url\":\"https:\\\/\\\/hercegovina.edu.ba\\\/hr\\\/author\\\/darko-primorac23gmail-com\\\/\"}]}<\/script>\n<!-- \/ Yoast SEO plugin. -->","yoast_head_json":{"title":"Prijavi se na te\u010daj znakovnog jezika - Sveu\u010dili\u0161te Hercegovina","robots":{"index":"index","follow":"follow","max-snippet":"max-snippet:-1","max-image-preview":"max-image-preview:large","max-video-preview":"max-video-preview:-1"},"canonical":"https:\/\/hercegovina.edu.ba\/hr\/prijavi-se-na-tecaj-znakovnog-jezika\/","og_locale":"hr_HR","og_type":"article","og_title":"Prijavi se na te\u010daj znakovnog jezika - Sveu\u010dili\u0161te Hercegovina","og_description":"Nau\u010di ne\u0161to novo i korisno &#8211; obogati svoja znanja vje\u0161tinom koja mo\u017ee pomo\u0107i mnogima!Centar CIERI Sveu\u010dili\u0161ta Hercegovina poziva sve zainteresirane koji \u017eele nau\u010diti ZNAKOVNI JEZIK da se prijave na besplatni TE\u010cAJ ZNAKOVNOG JEZIKA. Te\u010daj \u0107e se odvijati ONLINE, u trajanju &hellip;","og_url":"https:\/\/hercegovina.edu.ba\/hr\/prijavi-se-na-tecaj-znakovnog-jezika\/","og_site_name":"Sveu\u010dili\u0161te Hercegovina","article_published_time":"2022-01-21T09:43:24+00:00","og_image":[{"width":1920,"height":1080,"url":"https:\/\/hercegovina.edu.ba\/hr\/wp-content\/uploads\/2022\/01\/Bez-naslova-Objava-na-Facebooku-Prezentacija-169.png","type":"image\/png"}],"author":"Sveu\u010dili\u0161te Hercegovina","twitter_card":"summary_large_image","twitter_misc":{"Napisao\/la":"Sveu\u010dili\u0161te Hercegovina","Procijenjeno vrijeme \u010ditanja":"1 minuta"},"schema":{"@context":"https:\/\/schema.org","@graph":[{"@type":"Article","@id":"https:\/\/hercegovina.edu.ba\/hr\/prijavi-se-na-tecaj-znakovnog-jezika\/#article","isPartOf":{"@id":"https:\/\/hercegovina.edu.ba\/hr\/prijavi-se-na-tecaj-znakovnog-jezika\/"},"author":{"name":"Sveu\u010dili\u0161te Hercegovina","@id":"https:\/\/hercegovina.edu.ba\/hr\/#\/schema\/person\/35827182256512902e55ec4576d5c43c"},"headline":"Prijavi se na te\u010daj znakovnog jezika","datePublished":"2022-01-21T09:43:24+00:00","mainEntityOfPage":{"@id":"https:\/\/hercegovina.edu.ba\/hr\/prijavi-se-na-tecaj-znakovnog-jezika\/"},"wordCount":136,"commentCount":0,"publisher":{"@id":"https:\/\/hercegovina.edu.ba\/hr\/#organization"},"image":{"@id":"https:\/\/hercegovina.edu.ba\/hr\/prijavi-se-na-tecaj-znakovnog-jezika\/#primaryimage"},"thumbnailUrl":"https:\/\/hercegovina.edu.ba\/hr\/wp-content\/uploads\/2022\/01\/Bez-naslova-Objava-na-Facebooku-Prezentacija-169.png","articleSection":["Novosti","Vijesti"],"inLanguage":"hr","potentialAction":[{"@type":"CommentAction","name":"Comment","target":["https:\/\/hercegovina.edu.ba\/hr\/prijavi-se-na-tecaj-znakovnog-jezika\/#respond"]}]},{"@type":"WebPage","@id":"https:\/\/hercegovina.edu.ba\/hr\/prijavi-se-na-tecaj-znakovnog-jezika\/","url":"https:\/\/hercegovina.edu.ba\/hr\/prijavi-se-na-tecaj-znakovnog-jezika\/","name":"Prijavi se na te\u010daj znakovnog jezika - Sveu\u010dili\u0161te Hercegovina","isPartOf":{"@id":"https:\/\/hercegovina.edu.ba\/hr\/#website"},"primaryImageOfPage":{"@id":"https:\/\/hercegovina.edu.ba\/hr\/prijavi-se-na-tecaj-znakovnog-jezika\/#primaryimage"},"image":{"@id":"https:\/\/hercegovina.edu.ba\/hr\/prijavi-se-na-tecaj-znakovnog-jezika\/#primaryimage"},"thumbnailUrl":"https:\/\/hercegovina.edu.ba\/hr\/wp-content\/uploads\/2022\/01\/Bez-naslova-Objava-na-Facebooku-Prezentacija-169.png","datePublished":"2022-01-21T09:43:24+00:00","breadcrumb":{"@id":"https:\/\/hercegovina.edu.ba\/hr\/prijavi-se-na-tecaj-znakovnog-jezika\/#breadcrumb"},"inLanguage":"hr","potentialAction":[{"@type":"ReadAction","target":["https:\/\/hercegovina.edu.ba\/hr\/prijavi-se-na-tecaj-znakovnog-jezika\/"]}]},{"@type":"ImageObject","inLanguage":"hr","@id":"https:\/\/hercegovina.edu.ba\/hr\/prijavi-se-na-tecaj-znakovnog-jezika\/#primaryimage","url":"https:\/\/hercegovina.edu.ba\/hr\/wp-content\/uploads\/2022\/01\/Bez-naslova-Objava-na-Facebooku-Prezentacija-169.png","contentUrl":"https:\/\/hercegovina.edu.ba\/hr\/wp-content\/uploads\/2022\/01\/Bez-naslova-Objava-na-Facebooku-Prezentacija-169.png","width":1920,"height":1080},{"@type":"BreadcrumbList","@id":"https:\/\/hercegovina.edu.ba\/hr\/prijavi-se-na-tecaj-znakovnog-jezika\/#breadcrumb","itemListElement":[{"@type":"ListItem","position":1,"name":"Po\u010detna stranica","item":"https:\/\/hercegovina.edu.ba\/hr\/"},{"@type":"ListItem","position":2,"name":"Prijavi se na te\u010daj znakovnog jezika"}]},{"@type":"WebSite","@id":"https:\/\/hercegovina.edu.ba\/hr\/#website","url":"https:\/\/hercegovina.edu.ba\/hr\/","name":"Sveu\u010dili\u0161te Hercegovina","description":"Obrazovanje","publisher":{"@id":"https:\/\/hercegovina.edu.ba\/hr\/#organization"},"potentialAction":[{"@type":"SearchAction","target":{"@type":"EntryPoint","urlTemplate":"https:\/\/hercegovina.edu.ba\/hr\/?s={search_term_string}"},"query-input":{"@type":"PropertyValueSpecification","valueRequired":true,"valueName":"search_term_string"}}],"inLanguage":"hr"},{"@type":"Organization","@id":"https:\/\/hercegovina.edu.ba\/hr\/#organization","name":"Sveu\u010dili\u0161te Hercegovina","url":"https:\/\/hercegovina.edu.ba\/hr\/","logo":{"@type":"ImageObject","inLanguage":"hr","@id":"https:\/\/hercegovina.edu.ba\/hr\/#\/schema\/logo\/image\/","url":"https:\/\/hercegovina.edu.ba\/hr\/wp-content\/uploads\/2025\/03\/1sveherc.png","contentUrl":"https:\/\/hercegovina.edu.ba\/hr\/wp-content\/uploads\/2025\/03\/1sveherc.png","width":300,"height":100,"caption":"Sveu\u010dili\u0161te Hercegovina"},"image":{"@id":"https:\/\/hercegovina.edu.ba\/hr\/#\/schema\/logo\/image\/"}},{"@type":"Person","@id":"https:\/\/hercegovina.edu.ba\/hr\/#\/schema\/person\/35827182256512902e55ec4576d5c43c","name":"Sveu\u010dili\u0161te Hercegovina","image":{"@type":"ImageObject","inLanguage":"hr","@id":"https:\/\/secure.gravatar.com\/avatar\/ddac80ee6bb8e6b64c95a48a2b875bf3265f78bea7e4ca80ce68244cf2b3d3b9?s=96&d=mm&r=g","url":"https:\/\/secure.gravatar.com\/avatar\/ddac80ee6bb8e6b64c95a48a2b875bf3265f78bea7e4ca80ce68244cf2b3d3b9?s=96&d=mm&r=g","contentUrl":"https:\/\/secure.gravatar.com\/avatar\/ddac80ee6bb8e6b64c95a48a2b875bf3265f78bea7e4ca80ce68244cf2b3d3b9?s=96&d=mm&r=g","caption":"Sveu\u010dili\u0161te Hercegovina"},"url":"https:\/\/hercegovina.edu.ba\/hr\/author\/darko-primorac23gmail-com\/"}]}},"jetpack_featured_media_url":"https:\/\/hercegovina.edu.ba\/hr\/wp-content\/uploads\/2022\/01\/Bez-naslova-Objava-na-Facebooku-Prezentacija-169.png","jetpack_sharing_enabled":true,"_links":{"self":[{"href":"https:\/\/hercegovina.edu.ba\/hr\/wp-json\/wp\/v2\/posts\/6226","targetHints":{"allow":["GET"]}}],"collection":[{"href":"https:\/\/hercegovina.edu.ba\/hr\/wp-json\/wp\/v2\/posts"}],"about":[{"href":"https:\/\/hercegovina.edu.ba\/hr\/wp-json\/wp\/v2\/types\/post"}],"author":[{"embeddable":true,"href":"https:\/\/hercegovina.edu.ba\/hr\/wp-json\/wp\/v2\/users\/3"}],"replies":[{"embeddable":true,"href":"https:\/\/hercegovina.edu.ba\/hr\/wp-json\/wp\/v2\/comments?post=6226"}],"version-history":[{"count":0,"href":"https:\/\/hercegovina.edu.ba\/hr\/wp-json\/wp\/v2\/posts\/6226\/revisions"}],"wp:featuredmedia":[{"embeddable":true,"href":"https:\/\/hercegovina.edu.ba\/hr\/wp-json\/wp\/v2\/media\/6228"}],"wp:attachment":[{"href":"https:\/\/hercegovina.edu.ba\/hr\/wp-json\/wp\/v2\/media?parent=6226"}],"wp:term":[{"taxonomy":"category","embeddable":true,"href":"https:\/\/hercegovina.edu.ba\/hr\/wp-json\/wp\/v2\/categories?post=6226"},{"taxonomy":"post_tag","embeddable":true,"href":"https:\/\/hercegovina.edu.ba\/hr\/wp-json\/wp\/v2\/tags?post=6226"}],"curies":[{"name":"wp","href":"https:\/\/api.w.org\/{rel}","templated":true}]}}