{"id":6142,"date":"2021-12-07T09:00:52","date_gmt":"2021-12-07T09:00:52","guid":{"rendered":"https:\/\/hercegovina.edu.ba\/hr\/?p=6142"},"modified":"2021-12-07T09:00:52","modified_gmt":"2021-12-07T09:00:52","slug":"studentski-zbor-sveucilista-organizira-online-radionice-povodom-kampanje-16-dana-aktivizma-protiv-rodno-zasnovanog-nasilja","status":"publish","type":"post","link":"https:\/\/hercegovina.edu.ba\/hr\/studentski-zbor-sveucilista-organizira-online-radionice-povodom-kampanje-16-dana-aktivizma-protiv-rodno-zasnovanog-nasilja\/","title":{"rendered":"STUDENTSKI ZBOR SVEU\u010cILI\u0160TA ORGANIZIRA ONLINE RADIONICE POVODOM KAMPANJE \u201e16 DANA AKTIVIZMA PROTIV RODNO ZASNOVANOG NASILJA\u201c"},"content":{"rendered":"\n<p>\u201c16 dana aktivizma\u201d je svjetska kampanja koja zapo\u010dinje 25. studenog Me\u0111unarodnim danom borbe protiv nasilja nad \u017eenama i zavr\u0161ava 10. prosinca Me\u0111unarodnim danom ljudskih prava. Kampanja treba dovesti u fokus svog rada okvir ljudskih prava i koristiti ga kako bi osigurala da dr\u017eavni i nedr\u017eavni akteri poka\u017eu odgovornost za nasilje nad \u017eenama.<\/p>\n\n\n\n<p>Cilj kampanje je prekinuti \u0161utnju o nasilju informiranjem javnosti o alarmantnoj situaciji, \u0161irenjem svijesti o opsegu problema te predlaganjem rje\u0161enja.<\/p>\n\n\n\n<p><strong>O RADIONICAMA<\/strong><\/p>\n\n\n\n<p>Povodom kampanje \u201e16 dana aktivizma protiv rodno zasnovanog nasilja\u201c Studentski zbor Sveu\u010dili\u0161ta Hercegovina u suradnji sa TPO fondacijom i uz podr\u0161ku Ambasade Ujedinjenog Kraljevstva Velike Britanije i Sjeverne Irske u Bosni i Hercegovini organizira tri online radionice na teme:<\/p>\n\n\n\n<blockquote class=\"wp-block-quote is-layout-flow wp-block-quote-is-layout-flow\"><p>EKONOMSKO NASILJE NAD \u017dENAMA (Voditelj radionice: Filip Senta)<\/p><p>\u017dENE U BORBI ZA PRAVA (Voditeljica radionice: Ana Minarik)<\/p><p>DISKALKULIJA (Voditeljica radionice: Lucija Jurlin)<\/p><\/blockquote>\n\n\n\n<p>Online radionice \u0107e se odr\u017eati dana 9. prosinca 2021. godine sa po\u010detkom u 18:30 sati. Radionicama mo\u017eete pristupiti putem linka: <a href=\"https:\/\/meet.google.com\/sus-gfgg-uwu\">https:\/\/meet.google.com\/sus-gfgg-uwu<\/a><\/p>\n","protected":false},"excerpt":{"rendered":"<p>\u201c16 dana aktivizma\u201d je svjetska kampanja koja zapo\u010dinje 25. studenog Me\u0111unarodnim danom borbe protiv nasilja nad \u017eenama i zavr\u0161ava 10. prosinca Me\u0111unarodnim danom ljudskih prava. Kampanja treba dovesti u fokus svog rada okvir ljudskih prava i koristiti ga kako bi &hellip; <\/p>\n","protected":false},"author":3,"featured_media":6143,"comment_status":"open","ping_status":"open","sticky":false,"template":"","format":"standard","meta":{"_jetpack_memberships_contains_paid_content":false,"footnotes":""},"categories":[66,64],"tags":[68],"class_list":["post-6142","post","type-post","status-publish","format-standard","has-post-thumbnail","hentry","category-novosti","category-vijesti","tag-unigem"],"yoast_head":"<!-- This site is optimized with the Yoast SEO plugin v27.3 - https:\/\/yoast.com\/product\/yoast-seo-wordpress\/ -->\n<title>STUDENTSKI ZBOR SVEU\u010cILI\u0160TA ORGANIZIRA ONLINE RADIONICE POVODOM KAMPANJE \u201e16 DANA AKTIVIZMA PROTIV RODNO ZASNOVANOG NASILJA\u201c - Sveu\u010dili\u0161te Hercegovina<\/title>\n<meta name=\"robots\" content=\"index, follow, max-snippet:-1, max-image-preview:large, max-video-preview:-1\" \/>\n<link rel=\"canonical\" href=\"https:\/\/hercegovina.edu.ba\/hr\/studentski-zbor-sveucilista-organizira-online-radionice-povodom-kampanje-16-dana-aktivizma-protiv-rodno-zasnovanog-nasilja\/\" \/>\n<meta property=\"og:locale\" content=\"hr_HR\" \/>\n<meta property=\"og:type\" content=\"article\" \/>\n<meta property=\"og:title\" content=\"STUDENTSKI ZBOR SVEU\u010cILI\u0160TA ORGANIZIRA ONLINE RADIONICE POVODOM KAMPANJE \u201e16 DANA AKTIVIZMA PROTIV RODNO ZASNOVANOG NASILJA\u201c - Sveu\u010dili\u0161te Hercegovina\" \/>\n<meta property=\"og:description\" content=\"\u201c16 dana aktivizma\u201d je svjetska kampanja koja zapo\u010dinje 25. studenog Me\u0111unarodnim danom borbe protiv nasilja nad \u017eenama i zavr\u0161ava 10. prosinca Me\u0111unarodnim danom ljudskih prava. Kampanja treba dovesti u fokus svog rada okvir ljudskih prava i koristiti ga kako bi &hellip;\" \/>\n<meta property=\"og:url\" content=\"https:\/\/hercegovina.edu.ba\/hr\/studentski-zbor-sveucilista-organizira-online-radionice-povodom-kampanje-16-dana-aktivizma-protiv-rodno-zasnovanog-nasilja\/\" \/>\n<meta property=\"og:site_name\" content=\"Sveu\u010dili\u0161te Hercegovina\" \/>\n<meta property=\"article:published_time\" content=\"2021-12-07T09:00:52+00:00\" \/>\n<meta property=\"og:image\" content=\"https:\/\/hercegovina.edu.ba\/hr\/wp-content\/uploads\/2021\/12\/Copy-of-UNIGEM-LOGO-1.png\" \/>\n\t<meta property=\"og:image:width\" content=\"1188\" \/>\n\t<meta property=\"og:image:height\" content=\"597\" \/>\n\t<meta property=\"og:image:type\" content=\"image\/png\" \/>\n<meta name=\"author\" content=\"Sveu\u010dili\u0161te Hercegovina\" \/>\n<meta name=\"twitter:card\" content=\"summary_large_image\" \/>\n<meta name=\"twitter:label1\" content=\"Napisao\/la\" \/>\n\t<meta name=\"twitter:data1\" content=\"Sveu\u010dili\u0161te Hercegovina\" \/>\n\t<meta name=\"twitter:label2\" content=\"Procijenjeno vrijeme \u010ditanja\" \/>\n\t<meta name=\"twitter:data2\" content=\"1 minuta\" \/>\n<script type=\"application\/ld+json\" class=\"yoast-schema-graph\">{\"@context\":\"https:\\\/\\\/schema.org\",\"@graph\":[{\"@type\":\"Article\",\"@id\":\"https:\\\/\\\/hercegovina.edu.ba\\\/hr\\\/studentski-zbor-sveucilista-organizira-online-radionice-povodom-kampanje-16-dana-aktivizma-protiv-rodno-zasnovanog-nasilja\\\/#article\",\"isPartOf\":{\"@id\":\"https:\\\/\\\/hercegovina.edu.ba\\\/hr\\\/studentski-zbor-sveucilista-organizira-online-radionice-povodom-kampanje-16-dana-aktivizma-protiv-rodno-zasnovanog-nasilja\\\/\"},\"author\":{\"name\":\"Sveu\u010dili\u0161te Hercegovina\",\"@id\":\"https:\\\/\\\/hercegovina.edu.ba\\\/hr\\\/#\\\/schema\\\/person\\\/35827182256512902e55ec4576d5c43c\"},\"headline\":\"STUDENTSKI ZBOR SVEU\u010cILI\u0160TA ORGANIZIRA ONLINE RADIONICE POVODOM KAMPANJE \u201e16 DANA AKTIVIZMA PROTIV RODNO ZASNOVANOG NASILJA\u201c\",\"datePublished\":\"2021-12-07T09:00:52+00:00\",\"mainEntityOfPage\":{\"@id\":\"https:\\\/\\\/hercegovina.edu.ba\\\/hr\\\/studentski-zbor-sveucilista-organizira-online-radionice-povodom-kampanje-16-dana-aktivizma-protiv-rodno-zasnovanog-nasilja\\\/\"},\"wordCount\":183,\"commentCount\":0,\"publisher\":{\"@id\":\"https:\\\/\\\/hercegovina.edu.ba\\\/hr\\\/#organization\"},\"image\":{\"@id\":\"https:\\\/\\\/hercegovina.edu.ba\\\/hr\\\/studentski-zbor-sveucilista-organizira-online-radionice-povodom-kampanje-16-dana-aktivizma-protiv-rodno-zasnovanog-nasilja\\\/#primaryimage\"},\"thumbnailUrl\":\"https:\\\/\\\/hercegovina.edu.ba\\\/hr\\\/wp-content\\\/uploads\\\/2021\\\/12\\\/Copy-of-UNIGEM-LOGO-1.png\",\"keywords\":[\"unigem\"],\"articleSection\":[\"Novosti\",\"Vijesti\"],\"inLanguage\":\"hr\",\"potentialAction\":[{\"@type\":\"CommentAction\",\"name\":\"Comment\",\"target\":[\"https:\\\/\\\/hercegovina.edu.ba\\\/hr\\\/studentski-zbor-sveucilista-organizira-online-radionice-povodom-kampanje-16-dana-aktivizma-protiv-rodno-zasnovanog-nasilja\\\/#respond\"]}]},{\"@type\":\"WebPage\",\"@id\":\"https:\\\/\\\/hercegovina.edu.ba\\\/hr\\\/studentski-zbor-sveucilista-organizira-online-radionice-povodom-kampanje-16-dana-aktivizma-protiv-rodno-zasnovanog-nasilja\\\/\",\"url\":\"https:\\\/\\\/hercegovina.edu.ba\\\/hr\\\/studentski-zbor-sveucilista-organizira-online-radionice-povodom-kampanje-16-dana-aktivizma-protiv-rodno-zasnovanog-nasilja\\\/\",\"name\":\"STUDENTSKI ZBOR SVEU\u010cILI\u0160TA ORGANIZIRA ONLINE RADIONICE POVODOM KAMPANJE \u201e16 DANA AKTIVIZMA PROTIV RODNO ZASNOVANOG NASILJA\u201c - Sveu\u010dili\u0161te Hercegovina\",\"isPartOf\":{\"@id\":\"https:\\\/\\\/hercegovina.edu.ba\\\/hr\\\/#website\"},\"primaryImageOfPage\":{\"@id\":\"https:\\\/\\\/hercegovina.edu.ba\\\/hr\\\/studentski-zbor-sveucilista-organizira-online-radionice-povodom-kampanje-16-dana-aktivizma-protiv-rodno-zasnovanog-nasilja\\\/#primaryimage\"},\"image\":{\"@id\":\"https:\\\/\\\/hercegovina.edu.ba\\\/hr\\\/studentski-zbor-sveucilista-organizira-online-radionice-povodom-kampanje-16-dana-aktivizma-protiv-rodno-zasnovanog-nasilja\\\/#primaryimage\"},\"thumbnailUrl\":\"https:\\\/\\\/hercegovina.edu.ba\\\/hr\\\/wp-content\\\/uploads\\\/2021\\\/12\\\/Copy-of-UNIGEM-LOGO-1.png\",\"datePublished\":\"2021-12-07T09:00:52+00:00\",\"breadcrumb\":{\"@id\":\"https:\\\/\\\/hercegovina.edu.ba\\\/hr\\\/studentski-zbor-sveucilista-organizira-online-radionice-povodom-kampanje-16-dana-aktivizma-protiv-rodno-zasnovanog-nasilja\\\/#breadcrumb\"},\"inLanguage\":\"hr\",\"potentialAction\":[{\"@type\":\"ReadAction\",\"target\":[\"https:\\\/\\\/hercegovina.edu.ba\\\/hr\\\/studentski-zbor-sveucilista-organizira-online-radionice-povodom-kampanje-16-dana-aktivizma-protiv-rodno-zasnovanog-nasilja\\\/\"]}]},{\"@type\":\"ImageObject\",\"inLanguage\":\"hr\",\"@id\":\"https:\\\/\\\/hercegovina.edu.ba\\\/hr\\\/studentski-zbor-sveucilista-organizira-online-radionice-povodom-kampanje-16-dana-aktivizma-protiv-rodno-zasnovanog-nasilja\\\/#primaryimage\",\"url\":\"https:\\\/\\\/hercegovina.edu.ba\\\/hr\\\/wp-content\\\/uploads\\\/2021\\\/12\\\/Copy-of-UNIGEM-LOGO-1.png\",\"contentUrl\":\"https:\\\/\\\/hercegovina.edu.ba\\\/hr\\\/wp-content\\\/uploads\\\/2021\\\/12\\\/Copy-of-UNIGEM-LOGO-1.png\",\"width\":1188,\"height\":597},{\"@type\":\"BreadcrumbList\",\"@id\":\"https:\\\/\\\/hercegovina.edu.ba\\\/hr\\\/studentski-zbor-sveucilista-organizira-online-radionice-povodom-kampanje-16-dana-aktivizma-protiv-rodno-zasnovanog-nasilja\\\/#breadcrumb\",\"itemListElement\":[{\"@type\":\"ListItem\",\"position\":1,\"name\":\"Po\u010detna stranica\",\"item\":\"https:\\\/\\\/hercegovina.edu.ba\\\/hr\\\/\"},{\"@type\":\"ListItem\",\"position\":2,\"name\":\"STUDENTSKI ZBOR SVEU\u010cILI\u0160TA ORGANIZIRA ONLINE RADIONICE POVODOM KAMPANJE \u201e16 DANA AKTIVIZMA PROTIV RODNO ZASNOVANOG NASILJA\u201c\"}]},{\"@type\":\"WebSite\",\"@id\":\"https:\\\/\\\/hercegovina.edu.ba\\\/hr\\\/#website\",\"url\":\"https:\\\/\\\/hercegovina.edu.ba\\\/hr\\\/\",\"name\":\"Sveu\u010dili\u0161te Hercegovina\",\"description\":\"Obrazovanje\",\"publisher\":{\"@id\":\"https:\\\/\\\/hercegovina.edu.ba\\\/hr\\\/#organization\"},\"potentialAction\":[{\"@type\":\"SearchAction\",\"target\":{\"@type\":\"EntryPoint\",\"urlTemplate\":\"https:\\\/\\\/hercegovina.edu.ba\\\/hr\\\/?s={search_term_string}\"},\"query-input\":{\"@type\":\"PropertyValueSpecification\",\"valueRequired\":true,\"valueName\":\"search_term_string\"}}],\"inLanguage\":\"hr\"},{\"@type\":\"Organization\",\"@id\":\"https:\\\/\\\/hercegovina.edu.ba\\\/hr\\\/#organization\",\"name\":\"Sveu\u010dili\u0161te Hercegovina\",\"url\":\"https:\\\/\\\/hercegovina.edu.ba\\\/hr\\\/\",\"logo\":{\"@type\":\"ImageObject\",\"inLanguage\":\"hr\",\"@id\":\"https:\\\/\\\/hercegovina.edu.ba\\\/hr\\\/#\\\/schema\\\/logo\\\/image\\\/\",\"url\":\"https:\\\/\\\/hercegovina.edu.ba\\\/hr\\\/wp-content\\\/uploads\\\/2025\\\/03\\\/1sveherc.png\",\"contentUrl\":\"https:\\\/\\\/hercegovina.edu.ba\\\/hr\\\/wp-content\\\/uploads\\\/2025\\\/03\\\/1sveherc.png\",\"width\":300,\"height\":100,\"caption\":\"Sveu\u010dili\u0161te Hercegovina\"},\"image\":{\"@id\":\"https:\\\/\\\/hercegovina.edu.ba\\\/hr\\\/#\\\/schema\\\/logo\\\/image\\\/\"}},{\"@type\":\"Person\",\"@id\":\"https:\\\/\\\/hercegovina.edu.ba\\\/hr\\\/#\\\/schema\\\/person\\\/35827182256512902e55ec4576d5c43c\",\"name\":\"Sveu\u010dili\u0161te Hercegovina\",\"image\":{\"@type\":\"ImageObject\",\"inLanguage\":\"hr\",\"@id\":\"https:\\\/\\\/secure.gravatar.com\\\/avatar\\\/ddac80ee6bb8e6b64c95a48a2b875bf3265f78bea7e4ca80ce68244cf2b3d3b9?s=96&d=mm&r=g\",\"url\":\"https:\\\/\\\/secure.gravatar.com\\\/avatar\\\/ddac80ee6bb8e6b64c95a48a2b875bf3265f78bea7e4ca80ce68244cf2b3d3b9?s=96&d=mm&r=g\",\"contentUrl\":\"https:\\\/\\\/secure.gravatar.com\\\/avatar\\\/ddac80ee6bb8e6b64c95a48a2b875bf3265f78bea7e4ca80ce68244cf2b3d3b9?s=96&d=mm&r=g\",\"caption\":\"Sveu\u010dili\u0161te Hercegovina\"},\"url\":\"https:\\\/\\\/hercegovina.edu.ba\\\/hr\\\/author\\\/darko-primorac23gmail-com\\\/\"}]}<\/script>\n<!-- \/ Yoast SEO plugin. -->","yoast_head_json":{"title":"STUDENTSKI ZBOR SVEU\u010cILI\u0160TA ORGANIZIRA ONLINE RADIONICE POVODOM KAMPANJE \u201e16 DANA AKTIVIZMA PROTIV RODNO ZASNOVANOG NASILJA\u201c - Sveu\u010dili\u0161te Hercegovina","robots":{"index":"index","follow":"follow","max-snippet":"max-snippet:-1","max-image-preview":"max-image-preview:large","max-video-preview":"max-video-preview:-1"},"canonical":"https:\/\/hercegovina.edu.ba\/hr\/studentski-zbor-sveucilista-organizira-online-radionice-povodom-kampanje-16-dana-aktivizma-protiv-rodno-zasnovanog-nasilja\/","og_locale":"hr_HR","og_type":"article","og_title":"STUDENTSKI ZBOR SVEU\u010cILI\u0160TA ORGANIZIRA ONLINE RADIONICE POVODOM KAMPANJE \u201e16 DANA AKTIVIZMA PROTIV RODNO ZASNOVANOG NASILJA\u201c - Sveu\u010dili\u0161te Hercegovina","og_description":"\u201c16 dana aktivizma\u201d je svjetska kampanja koja zapo\u010dinje 25. studenog Me\u0111unarodnim danom borbe protiv nasilja nad \u017eenama i zavr\u0161ava 10. prosinca Me\u0111unarodnim danom ljudskih prava. Kampanja treba dovesti u fokus svog rada okvir ljudskih prava i koristiti ga kako bi &hellip;","og_url":"https:\/\/hercegovina.edu.ba\/hr\/studentski-zbor-sveucilista-organizira-online-radionice-povodom-kampanje-16-dana-aktivizma-protiv-rodno-zasnovanog-nasilja\/","og_site_name":"Sveu\u010dili\u0161te Hercegovina","article_published_time":"2021-12-07T09:00:52+00:00","og_image":[{"width":1188,"height":597,"url":"https:\/\/hercegovina.edu.ba\/hr\/wp-content\/uploads\/2021\/12\/Copy-of-UNIGEM-LOGO-1.png","type":"image\/png"}],"author":"Sveu\u010dili\u0161te Hercegovina","twitter_card":"summary_large_image","twitter_misc":{"Napisao\/la":"Sveu\u010dili\u0161te Hercegovina","Procijenjeno vrijeme \u010ditanja":"1 minuta"},"schema":{"@context":"https:\/\/schema.org","@graph":[{"@type":"Article","@id":"https:\/\/hercegovina.edu.ba\/hr\/studentski-zbor-sveucilista-organizira-online-radionice-povodom-kampanje-16-dana-aktivizma-protiv-rodno-zasnovanog-nasilja\/#article","isPartOf":{"@id":"https:\/\/hercegovina.edu.ba\/hr\/studentski-zbor-sveucilista-organizira-online-radionice-povodom-kampanje-16-dana-aktivizma-protiv-rodno-zasnovanog-nasilja\/"},"author":{"name":"Sveu\u010dili\u0161te Hercegovina","@id":"https:\/\/hercegovina.edu.ba\/hr\/#\/schema\/person\/35827182256512902e55ec4576d5c43c"},"headline":"STUDENTSKI ZBOR SVEU\u010cILI\u0160TA ORGANIZIRA ONLINE RADIONICE POVODOM KAMPANJE \u201e16 DANA AKTIVIZMA PROTIV RODNO ZASNOVANOG NASILJA\u201c","datePublished":"2021-12-07T09:00:52+00:00","mainEntityOfPage":{"@id":"https:\/\/hercegovina.edu.ba\/hr\/studentski-zbor-sveucilista-organizira-online-radionice-povodom-kampanje-16-dana-aktivizma-protiv-rodno-zasnovanog-nasilja\/"},"wordCount":183,"commentCount":0,"publisher":{"@id":"https:\/\/hercegovina.edu.ba\/hr\/#organization"},"image":{"@id":"https:\/\/hercegovina.edu.ba\/hr\/studentski-zbor-sveucilista-organizira-online-radionice-povodom-kampanje-16-dana-aktivizma-protiv-rodno-zasnovanog-nasilja\/#primaryimage"},"thumbnailUrl":"https:\/\/hercegovina.edu.ba\/hr\/wp-content\/uploads\/2021\/12\/Copy-of-UNIGEM-LOGO-1.png","keywords":["unigem"],"articleSection":["Novosti","Vijesti"],"inLanguage":"hr","potentialAction":[{"@type":"CommentAction","name":"Comment","target":["https:\/\/hercegovina.edu.ba\/hr\/studentski-zbor-sveucilista-organizira-online-radionice-povodom-kampanje-16-dana-aktivizma-protiv-rodno-zasnovanog-nasilja\/#respond"]}]},{"@type":"WebPage","@id":"https:\/\/hercegovina.edu.ba\/hr\/studentski-zbor-sveucilista-organizira-online-radionice-povodom-kampanje-16-dana-aktivizma-protiv-rodno-zasnovanog-nasilja\/","url":"https:\/\/hercegovina.edu.ba\/hr\/studentski-zbor-sveucilista-organizira-online-radionice-povodom-kampanje-16-dana-aktivizma-protiv-rodno-zasnovanog-nasilja\/","name":"STUDENTSKI ZBOR SVEU\u010cILI\u0160TA ORGANIZIRA ONLINE RADIONICE POVODOM KAMPANJE \u201e16 DANA AKTIVIZMA PROTIV RODNO ZASNOVANOG NASILJA\u201c - Sveu\u010dili\u0161te Hercegovina","isPartOf":{"@id":"https:\/\/hercegovina.edu.ba\/hr\/#website"},"primaryImageOfPage":{"@id":"https:\/\/hercegovina.edu.ba\/hr\/studentski-zbor-sveucilista-organizira-online-radionice-povodom-kampanje-16-dana-aktivizma-protiv-rodno-zasnovanog-nasilja\/#primaryimage"},"image":{"@id":"https:\/\/hercegovina.edu.ba\/hr\/studentski-zbor-sveucilista-organizira-online-radionice-povodom-kampanje-16-dana-aktivizma-protiv-rodno-zasnovanog-nasilja\/#primaryimage"},"thumbnailUrl":"https:\/\/hercegovina.edu.ba\/hr\/wp-content\/uploads\/2021\/12\/Copy-of-UNIGEM-LOGO-1.png","datePublished":"2021-12-07T09:00:52+00:00","breadcrumb":{"@id":"https:\/\/hercegovina.edu.ba\/hr\/studentski-zbor-sveucilista-organizira-online-radionice-povodom-kampanje-16-dana-aktivizma-protiv-rodno-zasnovanog-nasilja\/#breadcrumb"},"inLanguage":"hr","potentialAction":[{"@type":"ReadAction","target":["https:\/\/hercegovina.edu.ba\/hr\/studentski-zbor-sveucilista-organizira-online-radionice-povodom-kampanje-16-dana-aktivizma-protiv-rodno-zasnovanog-nasilja\/"]}]},{"@type":"ImageObject","inLanguage":"hr","@id":"https:\/\/hercegovina.edu.ba\/hr\/studentski-zbor-sveucilista-organizira-online-radionice-povodom-kampanje-16-dana-aktivizma-protiv-rodno-zasnovanog-nasilja\/#primaryimage","url":"https:\/\/hercegovina.edu.ba\/hr\/wp-content\/uploads\/2021\/12\/Copy-of-UNIGEM-LOGO-1.png","contentUrl":"https:\/\/hercegovina.edu.ba\/hr\/wp-content\/uploads\/2021\/12\/Copy-of-UNIGEM-LOGO-1.png","width":1188,"height":597},{"@type":"BreadcrumbList","@id":"https:\/\/hercegovina.edu.ba\/hr\/studentski-zbor-sveucilista-organizira-online-radionice-povodom-kampanje-16-dana-aktivizma-protiv-rodno-zasnovanog-nasilja\/#breadcrumb","itemListElement":[{"@type":"ListItem","position":1,"name":"Po\u010detna stranica","item":"https:\/\/hercegovina.edu.ba\/hr\/"},{"@type":"ListItem","position":2,"name":"STUDENTSKI ZBOR SVEU\u010cILI\u0160TA ORGANIZIRA ONLINE RADIONICE POVODOM KAMPANJE \u201e16 DANA AKTIVIZMA PROTIV RODNO ZASNOVANOG NASILJA\u201c"}]},{"@type":"WebSite","@id":"https:\/\/hercegovina.edu.ba\/hr\/#website","url":"https:\/\/hercegovina.edu.ba\/hr\/","name":"Sveu\u010dili\u0161te Hercegovina","description":"Obrazovanje","publisher":{"@id":"https:\/\/hercegovina.edu.ba\/hr\/#organization"},"potentialAction":[{"@type":"SearchAction","target":{"@type":"EntryPoint","urlTemplate":"https:\/\/hercegovina.edu.ba\/hr\/?s={search_term_string}"},"query-input":{"@type":"PropertyValueSpecification","valueRequired":true,"valueName":"search_term_string"}}],"inLanguage":"hr"},{"@type":"Organization","@id":"https:\/\/hercegovina.edu.ba\/hr\/#organization","name":"Sveu\u010dili\u0161te Hercegovina","url":"https:\/\/hercegovina.edu.ba\/hr\/","logo":{"@type":"ImageObject","inLanguage":"hr","@id":"https:\/\/hercegovina.edu.ba\/hr\/#\/schema\/logo\/image\/","url":"https:\/\/hercegovina.edu.ba\/hr\/wp-content\/uploads\/2025\/03\/1sveherc.png","contentUrl":"https:\/\/hercegovina.edu.ba\/hr\/wp-content\/uploads\/2025\/03\/1sveherc.png","width":300,"height":100,"caption":"Sveu\u010dili\u0161te Hercegovina"},"image":{"@id":"https:\/\/hercegovina.edu.ba\/hr\/#\/schema\/logo\/image\/"}},{"@type":"Person","@id":"https:\/\/hercegovina.edu.ba\/hr\/#\/schema\/person\/35827182256512902e55ec4576d5c43c","name":"Sveu\u010dili\u0161te Hercegovina","image":{"@type":"ImageObject","inLanguage":"hr","@id":"https:\/\/secure.gravatar.com\/avatar\/ddac80ee6bb8e6b64c95a48a2b875bf3265f78bea7e4ca80ce68244cf2b3d3b9?s=96&d=mm&r=g","url":"https:\/\/secure.gravatar.com\/avatar\/ddac80ee6bb8e6b64c95a48a2b875bf3265f78bea7e4ca80ce68244cf2b3d3b9?s=96&d=mm&r=g","contentUrl":"https:\/\/secure.gravatar.com\/avatar\/ddac80ee6bb8e6b64c95a48a2b875bf3265f78bea7e4ca80ce68244cf2b3d3b9?s=96&d=mm&r=g","caption":"Sveu\u010dili\u0161te Hercegovina"},"url":"https:\/\/hercegovina.edu.ba\/hr\/author\/darko-primorac23gmail-com\/"}]}},"jetpack_featured_media_url":"https:\/\/hercegovina.edu.ba\/hr\/wp-content\/uploads\/2021\/12\/Copy-of-UNIGEM-LOGO-1.png","jetpack_sharing_enabled":true,"_links":{"self":[{"href":"https:\/\/hercegovina.edu.ba\/hr\/wp-json\/wp\/v2\/posts\/6142","targetHints":{"allow":["GET"]}}],"collection":[{"href":"https:\/\/hercegovina.edu.ba\/hr\/wp-json\/wp\/v2\/posts"}],"about":[{"href":"https:\/\/hercegovina.edu.ba\/hr\/wp-json\/wp\/v2\/types\/post"}],"author":[{"embeddable":true,"href":"https:\/\/hercegovina.edu.ba\/hr\/wp-json\/wp\/v2\/users\/3"}],"replies":[{"embeddable":true,"href":"https:\/\/hercegovina.edu.ba\/hr\/wp-json\/wp\/v2\/comments?post=6142"}],"version-history":[{"count":0,"href":"https:\/\/hercegovina.edu.ba\/hr\/wp-json\/wp\/v2\/posts\/6142\/revisions"}],"wp:featuredmedia":[{"embeddable":true,"href":"https:\/\/hercegovina.edu.ba\/hr\/wp-json\/wp\/v2\/media\/6143"}],"wp:attachment":[{"href":"https:\/\/hercegovina.edu.ba\/hr\/wp-json\/wp\/v2\/media?parent=6142"}],"wp:term":[{"taxonomy":"category","embeddable":true,"href":"https:\/\/hercegovina.edu.ba\/hr\/wp-json\/wp\/v2\/categories?post=6142"},{"taxonomy":"post_tag","embeddable":true,"href":"https:\/\/hercegovina.edu.ba\/hr\/wp-json\/wp\/v2\/tags?post=6142"}],"curies":[{"name":"wp","href":"https:\/\/api.w.org\/{rel}","templated":true}]}}