{"id":3836,"date":"2020-08-31T11:00:26","date_gmt":"2020-08-31T11:00:26","guid":{"rendered":"https:\/\/hercegovina.edu.ba\/hr\/?p=3836"},"modified":"2020-08-31T11:00:26","modified_gmt":"2020-08-31T11:00:26","slug":"drugi-upisni-rok","status":"publish","type":"post","link":"https:\/\/hercegovina.edu.ba\/hr\/drugi-upisni-rok\/","title":{"rendered":"Drugi upisni rok"},"content":{"rendered":"\t\t<div data-elementor-type=\"wp-post\" data-elementor-id=\"3836\" class=\"elementor elementor-3836\">\n\t\t\t\t\t\t<section class=\"elementor-section elementor-top-section elementor-element elementor-element-46cf6cb2 elementor-section-boxed elementor-section-height-default elementor-section-height-default\" data-id=\"46cf6cb2\" data-element_type=\"section\">\n\t\t\t\t\t\t<div class=\"elementor-container elementor-column-gap-default\">\n\t\t\t\t\t<div class=\"elementor-column elementor-col-100 elementor-top-column elementor-element elementor-element-2dd03ebe\" data-id=\"2dd03ebe\" data-element_type=\"column\">\n\t\t\t<div class=\"elementor-widget-wrap elementor-element-populated\">\n\t\t\t\t\t\t<div class=\"elementor-element elementor-element-6f9c95f2 elementor-widget elementor-widget-text-editor\" data-id=\"6f9c95f2\" data-element_type=\"widget\" data-widget_type=\"text-editor.default\">\n\t\t\t\t\t\t\t\t\t<p><span style=\"color: #000000;\"><\/span><\/p>\n<p><span style=\"color: #000000;\">Drugi upisni rok na Sveu\u010dili\u0161tu Hercegovina po\u010dinje od 1. rujna, a traje do 30. rujna 2020.<\/span><\/p>\n<p><span style=\"color: #000000;\"><\/span><\/p>\n<p><span style=\"color: #000000;\">Uz obrasce za upis potrebno je dostaviti (obrasce <\/span><span style=\"color: #000000;\">za upis mo\u017eete preuzeti <a href=\"https:\/\/hercegovina.edu.ba\/hr\/potrebna-dokumentacija-za-upis\/\" target=\"_blank\" rel=\"noopener\">OVDJE<\/a>):<\/span><\/p>\n<p><span style=\"color: #000000;\"><\/span><\/p>\n<p><span style=\"color: #000000;\">1. Kratki \u017eivotopis,<\/span><\/p>\n<p><span style=\"color: #000000;\"><\/span><\/p>\n<p><span style=\"color: #000000;\">2. Rodni list (izvod iz mati\u010dne knjige ro\u0111enih),<\/span><\/p>\n<p><span style=\"color: #000000;\"><\/span><\/p>\n<p><span style=\"color: #000000;\">3. Lije\u010dni\u010dko uvjerenje<\/span><\/p>\n<p><span style=\"color: #000000;\"><\/span><\/p>\n<p><span style=\"color: #000000;\">4. Dvije fotografije (4&#215;6),<\/span><\/p>\n<p><span style=\"color: #000000;\"><\/span><\/p>\n<p><span style=\"color: #000000;\">5. Uplatnicu od 100 KM na bankovni ra\u010dun fakulteta<\/span><\/p>\n<p><span style=\"color: #000000;\"><\/span><\/p>\n<p><span style=\"color: #000000;\">Navedene dokumente mogu\u0107e je dostaviti po\u0161tom na adresu odgovaraju\u0107eg fakulteta ili predati svakim radnim danom u studentsku referadu, od 10 do 14 h.<\/span><\/p>\n<p><span style=\"color: #000000;\"><\/span><\/p>\n<p><span style=\"color: #000000;\">e-mail: upisi@hercegovina.edu.ba<\/span><\/p>\n<p><span style=\"color: #000000;\"><\/span><\/p>\n<p><span style=\"color: #000000;\">tel: 036 &#8211; 651 &#8211; 828<\/span><\/p>\n<p><span style=\"color: #000000;\"><\/span><\/p>\t\t\t\t\t\t\t\t<\/div>\n\t\t\t\t\t<\/div>\n\t\t<\/div>\n\t\t\t\t\t<\/div>\n\t\t<\/section>\n\t\t\t\t<section class=\"elementor-section elementor-top-section elementor-element elementor-element-1bbde288 elementor-section-boxed elementor-section-height-default elementor-section-height-default\" data-id=\"1bbde288\" data-element_type=\"section\" data-settings=\"{&quot;background_background&quot;:&quot;classic&quot;}\">\n\t\t\t\t\t\t<div class=\"elementor-container elementor-column-gap-default\">\n\t\t\t\t\t<div class=\"elementor-column elementor-col-100 elementor-top-column elementor-element elementor-element-7c161c81\" data-id=\"7c161c81\" data-element_type=\"column\">\n\t\t\t<div class=\"elementor-widget-wrap elementor-element-populated\">\n\t\t\t\t\t\t<div class=\"elementor-element elementor-element-157e5f7c elementor-widget elementor-widget-heading\" data-id=\"157e5f7c\" data-element_type=\"widget\" data-widget_type=\"heading.default\">\n\t\t\t\t\t<h3 class=\"elementor-heading-title elementor-size-default\">Studentska slu\u017eba<\/h3>\t\t\t\t<\/div>\n\t\t\t\t<div class=\"elementor-element elementor-element-8877f71 elementor-widget elementor-widget-spacer\" data-id=\"8877f71\" data-element_type=\"widget\" data-widget_type=\"spacer.default\">\n\t\t\t\t\t\t\t<div class=\"elementor-spacer\">\n\t\t\t<div class=\"elementor-spacer-inner\"><\/div>\n\t\t<\/div>\n\t\t\t\t\t\t<\/div>\n\t\t\t\t<div class=\"elementor-element elementor-element-6d407a13 elementor-widget elementor-widget-spacer\" data-id=\"6d407a13\" data-element_type=\"widget\" data-widget_type=\"spacer.default\">\n\t\t\t\t\t\t\t<div class=\"elementor-spacer\">\n\t\t\t<div class=\"elementor-spacer-inner\"><\/div>\n\t\t<\/div>\n\t\t\t\t\t\t<\/div>\n\t\t\t\t<div class=\"elementor-element elementor-element-361dbbe9 elementor-widget elementor-widget-heading\" data-id=\"361dbbe9\" data-element_type=\"widget\" data-widget_type=\"heading.default\">\n\t\t\t\t\t<h5 class=\"elementor-heading-title elementor-size-default\">Od ponedjeljka do subote predaja dokumentacije za upis od 10:00 do 14:00 h<br>\n<\/h5>\t\t\t\t<\/div>\n\t\t\t\t<div class=\"elementor-element elementor-element-17723247 elementor-widget elementor-widget-spacer\" data-id=\"17723247\" data-element_type=\"widget\" data-widget_type=\"spacer.default\">\n\t\t\t\t\t\t\t<div class=\"elementor-spacer\">\n\t\t\t<div class=\"elementor-spacer-inner\"><\/div>\n\t\t<\/div>\n\t\t\t\t\t\t<\/div>\n\t\t\t\t<div class=\"elementor-element elementor-element-7bae8efc elementor-widget elementor-widget-heading\" data-id=\"7bae8efc\" data-element_type=\"widget\" data-widget_type=\"heading.default\">\n\t\t\t\t\t<h2 class=\"elementor-heading-title elementor-size-default\"><a href=\"#\">upisi@hercegovina.edu.ba<\/a><\/h2>\t\t\t\t<\/div>\n\t\t\t\t<div class=\"elementor-element elementor-element-6e889158 elementor-widget elementor-widget-spacer\" data-id=\"6e889158\" data-element_type=\"widget\" data-widget_type=\"spacer.default\">\n\t\t\t\t\t\t\t<div class=\"elementor-spacer\">\n\t\t\t<div class=\"elementor-spacer-inner\"><\/div>\n\t\t<\/div>\n\t\t\t\t\t\t<\/div>\n\t\t\t\t<div class=\"elementor-element elementor-element-415f7144 elementor-shape-circle e-grid-align-left elementor-grid-0 elementor-widget elementor-widget-social-icons\" data-id=\"415f7144\" data-element_type=\"widget\" data-widget_type=\"social-icons.default\">\n\t\t\t\t\t\t\t<div class=\"elementor-social-icons-wrapper elementor-grid\" role=\"list\">\n\t\t\t\t\t\t\t<span class=\"elementor-grid-item\" role=\"listitem\">\n\t\t\t\t\t<a class=\"elementor-icon elementor-social-icon elementor-social-icon-facebook-f elementor-repeater-item-3adf8ce\" href=\"https:\/\/hr-hr.facebook.com\/uniherc\" target=\"_blank\">\n\t\t\t\t\t\t<span class=\"elementor-screen-only\">Facebook-f<\/span>\n\t\t\t\t\t\t<svg aria-hidden=\"true\" class=\"e-font-icon-svg e-fab-facebook-f\" viewBox=\"0 0 320 512\" xmlns=\"http:\/\/www.w3.org\/2000\/svg\"><path d=\"M279.14 288l14.22-92.66h-88.91v-60.13c0-25.35 12.42-50.06 52.24-50.06h40.42V6.26S260.43 0 225.36 0c-73.22 0-121.08 44.38-121.08 124.72v70.62H22.89V288h81.39v224h100.17V288z\"><\/path><\/svg>\t\t\t\t\t<\/a>\n\t\t\t\t<\/span>\n\t\t\t\t\t\t\t<span class=\"elementor-grid-item\" role=\"listitem\">\n\t\t\t\t\t<a class=\"elementor-icon elementor-social-icon elementor-social-icon-instagram elementor-repeater-item-319b1f7\" href=\"https:\/\/www.instagram.com\/sveuciliste_hercegovina\/\" target=\"_blank\">\n\t\t\t\t\t\t<span class=\"elementor-screen-only\">Instagram<\/span>\n\t\t\t\t\t\t<svg aria-hidden=\"true\" class=\"e-font-icon-svg e-fab-instagram\" viewBox=\"0 0 448 512\" xmlns=\"http:\/\/www.w3.org\/2000\/svg\"><path d=\"M224.1 141c-63.6 0-114.9 51.3-114.9 114.9s51.3 114.9 114.9 114.9S339 319.5 339 255.9 287.7 141 224.1 141zm0 189.6c-41.1 0-74.7-33.5-74.7-74.7s33.5-74.7 74.7-74.7 74.7 33.5 74.7 74.7-33.6 74.7-74.7 74.7zm146.4-194.3c0 14.9-12 26.8-26.8 26.8-14.9 0-26.8-12-26.8-26.8s12-26.8 26.8-26.8 26.8 12 26.8 26.8zm76.1 27.2c-1.7-35.9-9.9-67.7-36.2-93.9-26.2-26.2-58-34.4-93.9-36.2-37-2.1-147.9-2.1-184.9 0-35.8 1.7-67.6 9.9-93.9 36.1s-34.4 58-36.2 93.9c-2.1 37-2.1 147.9 0 184.9 1.7 35.9 9.9 67.7 36.2 93.9s58 34.4 93.9 36.2c37 2.1 147.9 2.1 184.9 0 35.9-1.7 67.7-9.9 93.9-36.2 26.2-26.2 34.4-58 36.2-93.9 2.1-37 2.1-147.8 0-184.8zM398.8 388c-7.8 19.6-22.9 34.7-42.6 42.6-29.5 11.7-99.5 9-132.1 9s-102.7 2.6-132.1-9c-19.6-7.8-34.7-22.9-42.6-42.6-11.7-29.5-9-99.5-9-132.1s-2.6-102.7 9-132.1c7.8-19.6 22.9-34.7 42.6-42.6 29.5-11.7 99.5-9 132.1-9s102.7-2.6 132.1 9c19.6 7.8 34.7 22.9 42.6 42.6 11.7 29.5 9 99.5 9 132.1s2.7 102.7-9 132.1z\"><\/path><\/svg>\t\t\t\t\t<\/a>\n\t\t\t\t<\/span>\n\t\t\t\t\t\t\t<span class=\"elementor-grid-item\" role=\"listitem\">\n\t\t\t\t\t<a class=\"elementor-icon elementor-social-icon elementor-social-icon-youtube elementor-repeater-item-4ead015\" href=\"https:\/\/www.youtube.com\/watch?v=WXl9UCA3ADc\" target=\"_blank\">\n\t\t\t\t\t\t<span class=\"elementor-screen-only\">Youtube<\/span>\n\t\t\t\t\t\t<svg aria-hidden=\"true\" class=\"e-font-icon-svg e-fab-youtube\" viewBox=\"0 0 576 512\" xmlns=\"http:\/\/www.w3.org\/2000\/svg\"><path d=\"M549.655 124.083c-6.281-23.65-24.787-42.276-48.284-48.597C458.781 64 288 64 288 64S117.22 64 74.629 75.486c-23.497 6.322-42.003 24.947-48.284 48.597-11.412 42.867-11.412 132.305-11.412 132.305s0 89.438 11.412 132.305c6.281 23.65 24.787 41.5 48.284 47.821C117.22 448 288 448 288 448s170.78 0 213.371-11.486c23.497-6.321 42.003-24.171 48.284-47.821 11.412-42.867 11.412-132.305 11.412-132.305s0-89.438-11.412-132.305zm-317.51 213.508V175.185l142.739 81.205-142.739 81.201z\"><\/path><\/svg>\t\t\t\t\t<\/a>\n\t\t\t\t<\/span>\n\t\t\t\t\t<\/div>\n\t\t\t\t\t\t<\/div>\n\t\t\t\t<div class=\"elementor-element elementor-element-587c708d elementor-widget elementor-widget-spacer\" data-id=\"587c708d\" data-element_type=\"widget\" data-widget_type=\"spacer.default\">\n\t\t\t\t\t\t\t<div class=\"elementor-spacer\">\n\t\t\t<div class=\"elementor-spacer-inner\"><\/div>\n\t\t<\/div>\n\t\t\t\t\t\t<\/div>\n\t\t\t\t<div class=\"elementor-element elementor-element-71cff9d elementor-widget elementor-widget-text-editor\" data-id=\"71cff9d\" data-element_type=\"widget\" data-widget_type=\"text-editor.default\">\n\t\t\t\t\t\t\t\t\t<p>\u00a0Da biste vidjeli gdje se nalazimo kliknite <a href=\"https:\/\/g.page\/SVEHERC\">OVDJE<\/a><\/p>\t\t\t\t\t\t\t\t<\/div>\n\t\t\t\t\t<\/div>\n\t\t<\/div>\n\t\t\t\t\t<\/div>\n\t\t<\/section>\n\t\t\t\t<\/div>\n\t\t","protected":false},"excerpt":{"rendered":"<p>Drugi upisni rok na Sveu\u010dili\u0161tu Hercegovina po\u010dinje od 1. rujna, a traje do 30. rujna 2020. Uz obrasce za upis potrebno je dostaviti (obrasce za upis mo\u017eete preuzeti OVDJE): 1. Kratki \u017eivotopis, 2. Rodni list (izvod iz mati\u010dne knjige ro\u0111enih), &hellip; <\/p>\n","protected":false},"author":3,"featured_media":3953,"comment_status":"closed","ping_status":"closed","sticky":false,"template":"","format":"standard","meta":{"_jetpack_memberships_contains_paid_content":false,"footnotes":""},"categories":[66,64],"tags":[],"class_list":["post-3836","post","type-post","status-publish","format-standard","has-post-thumbnail","hentry","category-novosti","category-vijesti"],"yoast_head":"<!-- This site is optimized with the Yoast SEO plugin v27.3 - https:\/\/yoast.com\/product\/yoast-seo-wordpress\/ -->\n<title>Drugi upisni rok - Sveu\u010dili\u0161te Hercegovina<\/title>\n<meta name=\"robots\" content=\"index, follow, max-snippet:-1, max-image-preview:large, max-video-preview:-1\" \/>\n<link rel=\"canonical\" href=\"https:\/\/hercegovina.edu.ba\/hr\/drugi-upisni-rok\/\" \/>\n<meta property=\"og:locale\" content=\"hr_HR\" \/>\n<meta property=\"og:type\" content=\"article\" \/>\n<meta property=\"og:title\" content=\"Drugi upisni rok - Sveu\u010dili\u0161te Hercegovina\" \/>\n<meta property=\"og:description\" content=\"Drugi upisni rok na Sveu\u010dili\u0161tu Hercegovina po\u010dinje od 1. rujna, a traje do 30. rujna 2020. Uz obrasce za upis potrebno je dostaviti (obrasce za upis mo\u017eete preuzeti OVDJE): 1. Kratki \u017eivotopis, 2. Rodni list (izvod iz mati\u010dne knjige ro\u0111enih), &hellip;\" \/>\n<meta property=\"og:url\" content=\"https:\/\/hercegovina.edu.ba\/hr\/drugi-upisni-rok\/\" \/>\n<meta property=\"og:site_name\" content=\"Sveu\u010dili\u0161te Hercegovina\" \/>\n<meta property=\"article:published_time\" content=\"2020-08-31T11:00:26+00:00\" \/>\n<meta property=\"og:image\" content=\"https:\/\/hercegovina.edu.ba\/hr\/wp-content\/uploads\/2020\/09\/upisi-u-tijeku.webp\" \/>\n\t<meta property=\"og:image:width\" content=\"1200\" \/>\n\t<meta property=\"og:image:height\" content=\"800\" \/>\n\t<meta property=\"og:image:type\" content=\"image\/webp\" \/>\n<meta name=\"author\" content=\"Sveu\u010dili\u0161te Hercegovina\" \/>\n<meta name=\"twitter:card\" content=\"summary_large_image\" \/>\n<meta name=\"twitter:label1\" content=\"Napisao\/la\" \/>\n\t<meta name=\"twitter:data1\" content=\"Sveu\u010dili\u0161te Hercegovina\" \/>\n\t<meta name=\"twitter:label2\" content=\"Procijenjeno vrijeme \u010ditanja\" \/>\n\t<meta name=\"twitter:data2\" content=\"1 minuta\" \/>\n<script type=\"application\/ld+json\" class=\"yoast-schema-graph\">{\"@context\":\"https:\\\/\\\/schema.org\",\"@graph\":[{\"@type\":\"Article\",\"@id\":\"https:\\\/\\\/hercegovina.edu.ba\\\/hr\\\/drugi-upisni-rok\\\/#article\",\"isPartOf\":{\"@id\":\"https:\\\/\\\/hercegovina.edu.ba\\\/hr\\\/drugi-upisni-rok\\\/\"},\"author\":{\"name\":\"Sveu\u010dili\u0161te Hercegovina\",\"@id\":\"https:\\\/\\\/hercegovina.edu.ba\\\/hr\\\/#\\\/schema\\\/person\\\/35827182256512902e55ec4576d5c43c\"},\"headline\":\"Drugi upisni rok\",\"datePublished\":\"2020-08-31T11:00:26+00:00\",\"mainEntityOfPage\":{\"@id\":\"https:\\\/\\\/hercegovina.edu.ba\\\/hr\\\/drugi-upisni-rok\\\/\"},\"wordCount\":131,\"publisher\":{\"@id\":\"https:\\\/\\\/hercegovina.edu.ba\\\/hr\\\/#organization\"},\"image\":{\"@id\":\"https:\\\/\\\/hercegovina.edu.ba\\\/hr\\\/drugi-upisni-rok\\\/#primaryimage\"},\"thumbnailUrl\":\"https:\\\/\\\/hercegovina.edu.ba\\\/hr\\\/wp-content\\\/uploads\\\/2020\\\/09\\\/upisi-u-tijeku.webp\",\"articleSection\":[\"Novosti\",\"Vijesti\"],\"inLanguage\":\"hr\"},{\"@type\":\"WebPage\",\"@id\":\"https:\\\/\\\/hercegovina.edu.ba\\\/hr\\\/drugi-upisni-rok\\\/\",\"url\":\"https:\\\/\\\/hercegovina.edu.ba\\\/hr\\\/drugi-upisni-rok\\\/\",\"name\":\"Drugi upisni rok - Sveu\u010dili\u0161te Hercegovina\",\"isPartOf\":{\"@id\":\"https:\\\/\\\/hercegovina.edu.ba\\\/hr\\\/#website\"},\"primaryImageOfPage\":{\"@id\":\"https:\\\/\\\/hercegovina.edu.ba\\\/hr\\\/drugi-upisni-rok\\\/#primaryimage\"},\"image\":{\"@id\":\"https:\\\/\\\/hercegovina.edu.ba\\\/hr\\\/drugi-upisni-rok\\\/#primaryimage\"},\"thumbnailUrl\":\"https:\\\/\\\/hercegovina.edu.ba\\\/hr\\\/wp-content\\\/uploads\\\/2020\\\/09\\\/upisi-u-tijeku.webp\",\"datePublished\":\"2020-08-31T11:00:26+00:00\",\"breadcrumb\":{\"@id\":\"https:\\\/\\\/hercegovina.edu.ba\\\/hr\\\/drugi-upisni-rok\\\/#breadcrumb\"},\"inLanguage\":\"hr\",\"potentialAction\":[{\"@type\":\"ReadAction\",\"target\":[\"https:\\\/\\\/hercegovina.edu.ba\\\/hr\\\/drugi-upisni-rok\\\/\"]}]},{\"@type\":\"ImageObject\",\"inLanguage\":\"hr\",\"@id\":\"https:\\\/\\\/hercegovina.edu.ba\\\/hr\\\/drugi-upisni-rok\\\/#primaryimage\",\"url\":\"https:\\\/\\\/hercegovina.edu.ba\\\/hr\\\/wp-content\\\/uploads\\\/2020\\\/09\\\/upisi-u-tijeku.webp\",\"contentUrl\":\"https:\\\/\\\/hercegovina.edu.ba\\\/hr\\\/wp-content\\\/uploads\\\/2020\\\/09\\\/upisi-u-tijeku.webp\",\"width\":1200,\"height\":800},{\"@type\":\"BreadcrumbList\",\"@id\":\"https:\\\/\\\/hercegovina.edu.ba\\\/hr\\\/drugi-upisni-rok\\\/#breadcrumb\",\"itemListElement\":[{\"@type\":\"ListItem\",\"position\":1,\"name\":\"Po\u010detna stranica\",\"item\":\"https:\\\/\\\/hercegovina.edu.ba\\\/hr\\\/\"},{\"@type\":\"ListItem\",\"position\":2,\"name\":\"Drugi upisni rok\"}]},{\"@type\":\"WebSite\",\"@id\":\"https:\\\/\\\/hercegovina.edu.ba\\\/hr\\\/#website\",\"url\":\"https:\\\/\\\/hercegovina.edu.ba\\\/hr\\\/\",\"name\":\"Sveu\u010dili\u0161te Hercegovina\",\"description\":\"Obrazovanje\",\"publisher\":{\"@id\":\"https:\\\/\\\/hercegovina.edu.ba\\\/hr\\\/#organization\"},\"potentialAction\":[{\"@type\":\"SearchAction\",\"target\":{\"@type\":\"EntryPoint\",\"urlTemplate\":\"https:\\\/\\\/hercegovina.edu.ba\\\/hr\\\/?s={search_term_string}\"},\"query-input\":{\"@type\":\"PropertyValueSpecification\",\"valueRequired\":true,\"valueName\":\"search_term_string\"}}],\"inLanguage\":\"hr\"},{\"@type\":\"Organization\",\"@id\":\"https:\\\/\\\/hercegovina.edu.ba\\\/hr\\\/#organization\",\"name\":\"Sveu\u010dili\u0161te Hercegovina\",\"url\":\"https:\\\/\\\/hercegovina.edu.ba\\\/hr\\\/\",\"logo\":{\"@type\":\"ImageObject\",\"inLanguage\":\"hr\",\"@id\":\"https:\\\/\\\/hercegovina.edu.ba\\\/hr\\\/#\\\/schema\\\/logo\\\/image\\\/\",\"url\":\"https:\\\/\\\/hercegovina.edu.ba\\\/hr\\\/wp-content\\\/uploads\\\/2025\\\/03\\\/1sveherc.png\",\"contentUrl\":\"https:\\\/\\\/hercegovina.edu.ba\\\/hr\\\/wp-content\\\/uploads\\\/2025\\\/03\\\/1sveherc.png\",\"width\":300,\"height\":100,\"caption\":\"Sveu\u010dili\u0161te Hercegovina\"},\"image\":{\"@id\":\"https:\\\/\\\/hercegovina.edu.ba\\\/hr\\\/#\\\/schema\\\/logo\\\/image\\\/\"}},{\"@type\":\"Person\",\"@id\":\"https:\\\/\\\/hercegovina.edu.ba\\\/hr\\\/#\\\/schema\\\/person\\\/35827182256512902e55ec4576d5c43c\",\"name\":\"Sveu\u010dili\u0161te Hercegovina\",\"image\":{\"@type\":\"ImageObject\",\"inLanguage\":\"hr\",\"@id\":\"https:\\\/\\\/secure.gravatar.com\\\/avatar\\\/ddac80ee6bb8e6b64c95a48a2b875bf3265f78bea7e4ca80ce68244cf2b3d3b9?s=96&d=mm&r=g\",\"url\":\"https:\\\/\\\/secure.gravatar.com\\\/avatar\\\/ddac80ee6bb8e6b64c95a48a2b875bf3265f78bea7e4ca80ce68244cf2b3d3b9?s=96&d=mm&r=g\",\"contentUrl\":\"https:\\\/\\\/secure.gravatar.com\\\/avatar\\\/ddac80ee6bb8e6b64c95a48a2b875bf3265f78bea7e4ca80ce68244cf2b3d3b9?s=96&d=mm&r=g\",\"caption\":\"Sveu\u010dili\u0161te Hercegovina\"},\"url\":\"https:\\\/\\\/hercegovina.edu.ba\\\/hr\\\/author\\\/darko-primorac23gmail-com\\\/\"}]}<\/script>\n<!-- \/ Yoast SEO plugin. -->","yoast_head_json":{"title":"Drugi upisni rok - Sveu\u010dili\u0161te Hercegovina","robots":{"index":"index","follow":"follow","max-snippet":"max-snippet:-1","max-image-preview":"max-image-preview:large","max-video-preview":"max-video-preview:-1"},"canonical":"https:\/\/hercegovina.edu.ba\/hr\/drugi-upisni-rok\/","og_locale":"hr_HR","og_type":"article","og_title":"Drugi upisni rok - Sveu\u010dili\u0161te Hercegovina","og_description":"Drugi upisni rok na Sveu\u010dili\u0161tu Hercegovina po\u010dinje od 1. rujna, a traje do 30. rujna 2020. Uz obrasce za upis potrebno je dostaviti (obrasce za upis mo\u017eete preuzeti OVDJE): 1. Kratki \u017eivotopis, 2. Rodni list (izvod iz mati\u010dne knjige ro\u0111enih), &hellip;","og_url":"https:\/\/hercegovina.edu.ba\/hr\/drugi-upisni-rok\/","og_site_name":"Sveu\u010dili\u0161te Hercegovina","article_published_time":"2020-08-31T11:00:26+00:00","og_image":[{"width":1200,"height":800,"url":"https:\/\/hercegovina.edu.ba\/hr\/wp-content\/uploads\/2020\/09\/upisi-u-tijeku.webp","type":"image\/webp"}],"author":"Sveu\u010dili\u0161te Hercegovina","twitter_card":"summary_large_image","twitter_misc":{"Napisao\/la":"Sveu\u010dili\u0161te Hercegovina","Procijenjeno vrijeme \u010ditanja":"1 minuta"},"schema":{"@context":"https:\/\/schema.org","@graph":[{"@type":"Article","@id":"https:\/\/hercegovina.edu.ba\/hr\/drugi-upisni-rok\/#article","isPartOf":{"@id":"https:\/\/hercegovina.edu.ba\/hr\/drugi-upisni-rok\/"},"author":{"name":"Sveu\u010dili\u0161te Hercegovina","@id":"https:\/\/hercegovina.edu.ba\/hr\/#\/schema\/person\/35827182256512902e55ec4576d5c43c"},"headline":"Drugi upisni rok","datePublished":"2020-08-31T11:00:26+00:00","mainEntityOfPage":{"@id":"https:\/\/hercegovina.edu.ba\/hr\/drugi-upisni-rok\/"},"wordCount":131,"publisher":{"@id":"https:\/\/hercegovina.edu.ba\/hr\/#organization"},"image":{"@id":"https:\/\/hercegovina.edu.ba\/hr\/drugi-upisni-rok\/#primaryimage"},"thumbnailUrl":"https:\/\/hercegovina.edu.ba\/hr\/wp-content\/uploads\/2020\/09\/upisi-u-tijeku.webp","articleSection":["Novosti","Vijesti"],"inLanguage":"hr"},{"@type":"WebPage","@id":"https:\/\/hercegovina.edu.ba\/hr\/drugi-upisni-rok\/","url":"https:\/\/hercegovina.edu.ba\/hr\/drugi-upisni-rok\/","name":"Drugi upisni rok - Sveu\u010dili\u0161te Hercegovina","isPartOf":{"@id":"https:\/\/hercegovina.edu.ba\/hr\/#website"},"primaryImageOfPage":{"@id":"https:\/\/hercegovina.edu.ba\/hr\/drugi-upisni-rok\/#primaryimage"},"image":{"@id":"https:\/\/hercegovina.edu.ba\/hr\/drugi-upisni-rok\/#primaryimage"},"thumbnailUrl":"https:\/\/hercegovina.edu.ba\/hr\/wp-content\/uploads\/2020\/09\/upisi-u-tijeku.webp","datePublished":"2020-08-31T11:00:26+00:00","breadcrumb":{"@id":"https:\/\/hercegovina.edu.ba\/hr\/drugi-upisni-rok\/#breadcrumb"},"inLanguage":"hr","potentialAction":[{"@type":"ReadAction","target":["https:\/\/hercegovina.edu.ba\/hr\/drugi-upisni-rok\/"]}]},{"@type":"ImageObject","inLanguage":"hr","@id":"https:\/\/hercegovina.edu.ba\/hr\/drugi-upisni-rok\/#primaryimage","url":"https:\/\/hercegovina.edu.ba\/hr\/wp-content\/uploads\/2020\/09\/upisi-u-tijeku.webp","contentUrl":"https:\/\/hercegovina.edu.ba\/hr\/wp-content\/uploads\/2020\/09\/upisi-u-tijeku.webp","width":1200,"height":800},{"@type":"BreadcrumbList","@id":"https:\/\/hercegovina.edu.ba\/hr\/drugi-upisni-rok\/#breadcrumb","itemListElement":[{"@type":"ListItem","position":1,"name":"Po\u010detna stranica","item":"https:\/\/hercegovina.edu.ba\/hr\/"},{"@type":"ListItem","position":2,"name":"Drugi upisni rok"}]},{"@type":"WebSite","@id":"https:\/\/hercegovina.edu.ba\/hr\/#website","url":"https:\/\/hercegovina.edu.ba\/hr\/","name":"Sveu\u010dili\u0161te Hercegovina","description":"Obrazovanje","publisher":{"@id":"https:\/\/hercegovina.edu.ba\/hr\/#organization"},"potentialAction":[{"@type":"SearchAction","target":{"@type":"EntryPoint","urlTemplate":"https:\/\/hercegovina.edu.ba\/hr\/?s={search_term_string}"},"query-input":{"@type":"PropertyValueSpecification","valueRequired":true,"valueName":"search_term_string"}}],"inLanguage":"hr"},{"@type":"Organization","@id":"https:\/\/hercegovina.edu.ba\/hr\/#organization","name":"Sveu\u010dili\u0161te Hercegovina","url":"https:\/\/hercegovina.edu.ba\/hr\/","logo":{"@type":"ImageObject","inLanguage":"hr","@id":"https:\/\/hercegovina.edu.ba\/hr\/#\/schema\/logo\/image\/","url":"https:\/\/hercegovina.edu.ba\/hr\/wp-content\/uploads\/2025\/03\/1sveherc.png","contentUrl":"https:\/\/hercegovina.edu.ba\/hr\/wp-content\/uploads\/2025\/03\/1sveherc.png","width":300,"height":100,"caption":"Sveu\u010dili\u0161te Hercegovina"},"image":{"@id":"https:\/\/hercegovina.edu.ba\/hr\/#\/schema\/logo\/image\/"}},{"@type":"Person","@id":"https:\/\/hercegovina.edu.ba\/hr\/#\/schema\/person\/35827182256512902e55ec4576d5c43c","name":"Sveu\u010dili\u0161te Hercegovina","image":{"@type":"ImageObject","inLanguage":"hr","@id":"https:\/\/secure.gravatar.com\/avatar\/ddac80ee6bb8e6b64c95a48a2b875bf3265f78bea7e4ca80ce68244cf2b3d3b9?s=96&d=mm&r=g","url":"https:\/\/secure.gravatar.com\/avatar\/ddac80ee6bb8e6b64c95a48a2b875bf3265f78bea7e4ca80ce68244cf2b3d3b9?s=96&d=mm&r=g","contentUrl":"https:\/\/secure.gravatar.com\/avatar\/ddac80ee6bb8e6b64c95a48a2b875bf3265f78bea7e4ca80ce68244cf2b3d3b9?s=96&d=mm&r=g","caption":"Sveu\u010dili\u0161te Hercegovina"},"url":"https:\/\/hercegovina.edu.ba\/hr\/author\/darko-primorac23gmail-com\/"}]}},"jetpack_featured_media_url":"https:\/\/hercegovina.edu.ba\/hr\/wp-content\/uploads\/2020\/09\/upisi-u-tijeku.webp","jetpack_sharing_enabled":true,"_links":{"self":[{"href":"https:\/\/hercegovina.edu.ba\/hr\/wp-json\/wp\/v2\/posts\/3836","targetHints":{"allow":["GET"]}}],"collection":[{"href":"https:\/\/hercegovina.edu.ba\/hr\/wp-json\/wp\/v2\/posts"}],"about":[{"href":"https:\/\/hercegovina.edu.ba\/hr\/wp-json\/wp\/v2\/types\/post"}],"author":[{"embeddable":true,"href":"https:\/\/hercegovina.edu.ba\/hr\/wp-json\/wp\/v2\/users\/3"}],"replies":[{"embeddable":true,"href":"https:\/\/hercegovina.edu.ba\/hr\/wp-json\/wp\/v2\/comments?post=3836"}],"version-history":[{"count":0,"href":"https:\/\/hercegovina.edu.ba\/hr\/wp-json\/wp\/v2\/posts\/3836\/revisions"}],"wp:featuredmedia":[{"embeddable":true,"href":"https:\/\/hercegovina.edu.ba\/hr\/wp-json\/wp\/v2\/media\/3953"}],"wp:attachment":[{"href":"https:\/\/hercegovina.edu.ba\/hr\/wp-json\/wp\/v2\/media?parent=3836"}],"wp:term":[{"taxonomy":"category","embeddable":true,"href":"https:\/\/hercegovina.edu.ba\/hr\/wp-json\/wp\/v2\/categories?post=3836"},{"taxonomy":"post_tag","embeddable":true,"href":"https:\/\/hercegovina.edu.ba\/hr\/wp-json\/wp\/v2\/tags?post=3836"}],"curies":[{"name":"wp","href":"https:\/\/api.w.org\/{rel}","templated":true}]}}