{"id":17883,"date":"2026-04-08T17:25:16","date_gmt":"2026-04-08T15:25:16","guid":{"rendered":"https:\/\/hercegovina.edu.ba\/hr\/?p=17883"},"modified":"2026-04-08T17:26:31","modified_gmt":"2026-04-08T15:26:31","slug":"sveuciliste-hercegovina-na-emphasis-sastanku-u-danskoj","status":"publish","type":"post","link":"https:\/\/hercegovina.edu.ba\/hr\/sveuciliste-hercegovina-na-emphasis-sastanku-u-danskoj\/","title":{"rendered":"Sveu\u010dili\u0161te Hercegovina na EMPHASIS sastanku u Danskoj"},"content":{"rendered":"\n<p>Na Sveu\u010dili\u0161tu Aarhus (Aarhus University) u Herningu, Danska, u periodu od 1.4. do 2.4.2026. godine odr\u017ean je sastanak EMPHASIS &#8211; EMPOWERING HIGHER EDUCATION FOR SUSTAINABLE PRACTICES AND ENERGY EFFICIENCY (Osna\u017eivanje visokog obrazovanja za odr\u017eive prakse i energetsku u\u010dinkovitost) &nbsp;projektnog konzorcija.<\/p>\n\n\n\n<p>Projekt EMPHASIS je inicijativa osmi\u0161ljena za transformaciju visokog obrazovanja integracijom inovativnih alata za u\u010denje, digitalnih platformi i odr\u017eivih praksi.<\/p>\n\n\n\n<p>Fokusiraju\u0107i se na inkluzivnost i suvremene obrazovne pristupe, EMPHASIS nastoji osposobiti nastavnike i studente znanjem i alatima potrebnima za snala\u017eenje i preuzimanje vode\u0107e uloge u prijelazu prema odr\u017eivoj budu\u0107nosti. Projekt nagla\u0161ava va\u017enost prekograni\u010dne suradnje, koriste\u0107i zajedni\u010dko znanje za modernizaciju visokog obrazovanja i njegovo uskla\u0111ivanje s globalnim okoli\u0161nim ciljevima.<\/p>\n\n\n\n<p>Predstavnice Sveu\u010dili\u0161ta Hercegovina dr.sc. Nata\u0161a \u0160anti\u0107 i Tihana Mati\u0107, mag. su sudjelovale u sastanku na kojem su predstavljene aktivnosti koje su do sad ispunjene te prijedlozi za daljnji rad i razvoj online platforme za u\u010denje na daljinu. Doprinos svake od uklju\u010denih institucija zna\u010dajno unaprje\u0111uje vrijednost projekta, a cilj samog projekta, pored ve\u0107 navednoga, je omogu\u0107iti inkluzivnost i odr\u017eivost u obrazovanju. Glavni ciljevi sastanka bili su pregled statusa svih radnih paketa, evaluacija kvalitete razvijenih modula, analiza rezultata EduHub aktivnosti, video diseminacije i platforme EMPHASIS, pra\u0107enje ostvarenja klju\u010dnih pokazatelja uspje\u0161nosti (KPI), te uskla\u0111ivanje aktivnosti za zavr\u0161nu godinu projekta. Poseban naglasak stavljen je na ja\u010danje suradnje me\u0111u partnerima.<\/p>\n\n\n\n<p>Do sad su razvijeni moduli prema kojima \u0107e se studenti zainteresirani za odre\u0111ena podru\u010dja, mo\u0107i pripremati za provjeru nau\u010denoga, prikazani su kvizovi za procjenu razine usvajanja znanja i vje\u0161tina te studije slu\u010daja kroz koje \u0107e studenti razvijati kriti\u010dko razmi\u0161ljanje i vje\u0161tine samostalnog rje\u0161avanja problema i izazova.<\/p>\n\n\n\n<p>Razmatrano je, i usvojeni su prijedlozi, na koji na\u010din pobolj\u0161ati online platformu i kako uklju\u010diti nove tehnolo\u0161ke alate u proces u\u010denja, kao \u0161to su VR nao\u010dale ili uporaba mobilnih telefona za bolji do\u017eivljaj digitalne stvarnosti. Prijedlozi \u0107e biti uklju\u010deni u online digitalna rje\u0161enja, a osigurati \u0107e inkluzivnost svih skupina korisnika.<\/p>\n\n\n\n<p>Na projektu EMPHASIS sudjeluje osam partnerskih institucija iz Bosne i Hercegovine, Kosova, Gr\u010dke i Danske. Sljede\u0107i sastanci projektnog tima su predvi\u0111eni za svibanj i lipanj u Gr\u010dkoj i na Kosovu.<\/p>\n\n\n\n<p><\/p>\n","protected":false},"excerpt":{"rendered":"<p>Na Sveu\u010dili\u0161tu Aarhus (Aarhus University) u Herningu, Danska, u periodu od 1.4. do 2.4.2026. godine odr\u017ean je sastanak EMPHASIS &#8211; EMPOWERING HIGHER EDUCATION FOR SUSTAINABLE PRACTICES AND ENERGY EFFICIENCY (Osna\u017eivanje visokog obrazovanja za odr\u017eive prakse i energetsku u\u010dinkovitost) &nbsp;projektnog konzorcija. &hellip; <\/p>\n","protected":false},"author":1,"featured_media":17885,"comment_status":"closed","ping_status":"closed","sticky":false,"template":"","format":"standard","meta":{"_jetpack_memberships_contains_paid_content":false,"footnotes":""},"categories":[66,64],"tags":[],"class_list":["post-17883","post","type-post","status-publish","format-standard","has-post-thumbnail","hentry","category-novosti","category-vijesti"],"yoast_head":"<!-- This site is optimized with the Yoast SEO plugin v27.3 - https:\/\/yoast.com\/product\/yoast-seo-wordpress\/ -->\n<title>Sveu\u010dili\u0161te Hercegovina na EMPHASIS sastanku u Danskoj - Sveu\u010dili\u0161te Hercegovina<\/title>\n<meta name=\"description\" content=\"Sveu\u010dili\u0161te Hercegovina na EMPHASIS sastanku u Danskoj, koji je odr\u017ean od 01.04. do 02.04.2026.\" \/>\n<meta name=\"robots\" content=\"index, follow, max-snippet:-1, max-image-preview:large, max-video-preview:-1\" \/>\n<link rel=\"canonical\" href=\"https:\/\/hercegovina.edu.ba\/hr\/sveuciliste-hercegovina-na-emphasis-sastanku-u-danskoj\/\" \/>\n<meta property=\"og:locale\" content=\"hr_HR\" \/>\n<meta property=\"og:type\" content=\"article\" \/>\n<meta property=\"og:title\" content=\"Sveu\u010dili\u0161te Hercegovina na EMPHASIS sastanku u Danskoj - Sveu\u010dili\u0161te Hercegovina\" \/>\n<meta property=\"og:description\" content=\"Sveu\u010dili\u0161te Hercegovina na EMPHASIS sastanku u Danskoj, koji je odr\u017ean od 01.04. do 02.04.2026.\" \/>\n<meta property=\"og:url\" content=\"https:\/\/hercegovina.edu.ba\/hr\/sveuciliste-hercegovina-na-emphasis-sastanku-u-danskoj\/\" \/>\n<meta property=\"og:site_name\" content=\"Sveu\u010dili\u0161te Hercegovina\" \/>\n<meta property=\"article:published_time\" content=\"2026-04-08T15:25:16+00:00\" \/>\n<meta property=\"article:modified_time\" content=\"2026-04-08T15:26:31+00:00\" \/>\n<meta property=\"og:image\" content=\"https:\/\/hercegovina.edu.ba\/hr\/wp-content\/uploads\/IMG-20260401-WA0180.jpg\" \/>\n\t<meta property=\"og:image:width\" content=\"2048\" \/>\n\t<meta property=\"og:image:height\" content=\"1536\" \/>\n\t<meta property=\"og:image:type\" content=\"image\/jpeg\" \/>\n<meta name=\"author\" content=\"kmaj\" \/>\n<meta name=\"twitter:card\" content=\"summary_large_image\" \/>\n<meta name=\"twitter:label1\" content=\"Napisao\/la\" \/>\n\t<meta name=\"twitter:data1\" content=\"kmaj\" \/>\n\t<meta name=\"twitter:label2\" content=\"Procijenjeno vrijeme \u010ditanja\" \/>\n\t<meta name=\"twitter:data2\" content=\"3 minute\" \/>\n<script type=\"application\/ld+json\" class=\"yoast-schema-graph\">{\"@context\":\"https:\\\/\\\/schema.org\",\"@graph\":[{\"@type\":\"Article\",\"@id\":\"https:\\\/\\\/hercegovina.edu.ba\\\/hr\\\/sveuciliste-hercegovina-na-emphasis-sastanku-u-danskoj\\\/#article\",\"isPartOf\":{\"@id\":\"https:\\\/\\\/hercegovina.edu.ba\\\/hr\\\/sveuciliste-hercegovina-na-emphasis-sastanku-u-danskoj\\\/\"},\"author\":{\"name\":\"kmaj\",\"@id\":\"https:\\\/\\\/hercegovina.edu.ba\\\/hr\\\/#\\\/schema\\\/person\\\/0685f7907596959d907b14546d11c1b6\"},\"headline\":\"Sveu\u010dili\u0161te Hercegovina na EMPHASIS sastanku u Danskoj\",\"datePublished\":\"2026-04-08T15:25:16+00:00\",\"dateModified\":\"2026-04-08T15:26:31+00:00\",\"mainEntityOfPage\":{\"@id\":\"https:\\\/\\\/hercegovina.edu.ba\\\/hr\\\/sveuciliste-hercegovina-na-emphasis-sastanku-u-danskoj\\\/\"},\"wordCount\":407,\"publisher\":{\"@id\":\"https:\\\/\\\/hercegovina.edu.ba\\\/hr\\\/#organization\"},\"image\":{\"@id\":\"https:\\\/\\\/hercegovina.edu.ba\\\/hr\\\/sveuciliste-hercegovina-na-emphasis-sastanku-u-danskoj\\\/#primaryimage\"},\"thumbnailUrl\":\"https:\\\/\\\/hercegovina.edu.ba\\\/hr\\\/wp-content\\\/uploads\\\/IMG-20260401-WA0180.jpg\",\"articleSection\":[\"Novosti\",\"Vijesti\"],\"inLanguage\":\"hr\"},{\"@type\":\"WebPage\",\"@id\":\"https:\\\/\\\/hercegovina.edu.ba\\\/hr\\\/sveuciliste-hercegovina-na-emphasis-sastanku-u-danskoj\\\/\",\"url\":\"https:\\\/\\\/hercegovina.edu.ba\\\/hr\\\/sveuciliste-hercegovina-na-emphasis-sastanku-u-danskoj\\\/\",\"name\":\"Sveu\u010dili\u0161te Hercegovina na EMPHASIS sastanku u Danskoj - Sveu\u010dili\u0161te Hercegovina\",\"isPartOf\":{\"@id\":\"https:\\\/\\\/hercegovina.edu.ba\\\/hr\\\/#website\"},\"primaryImageOfPage\":{\"@id\":\"https:\\\/\\\/hercegovina.edu.ba\\\/hr\\\/sveuciliste-hercegovina-na-emphasis-sastanku-u-danskoj\\\/#primaryimage\"},\"image\":{\"@id\":\"https:\\\/\\\/hercegovina.edu.ba\\\/hr\\\/sveuciliste-hercegovina-na-emphasis-sastanku-u-danskoj\\\/#primaryimage\"},\"thumbnailUrl\":\"https:\\\/\\\/hercegovina.edu.ba\\\/hr\\\/wp-content\\\/uploads\\\/IMG-20260401-WA0180.jpg\",\"datePublished\":\"2026-04-08T15:25:16+00:00\",\"dateModified\":\"2026-04-08T15:26:31+00:00\",\"description\":\"Sveu\u010dili\u0161te Hercegovina na EMPHASIS sastanku u Danskoj, koji je odr\u017ean od 01.04. do 02.04.2026.\",\"breadcrumb\":{\"@id\":\"https:\\\/\\\/hercegovina.edu.ba\\\/hr\\\/sveuciliste-hercegovina-na-emphasis-sastanku-u-danskoj\\\/#breadcrumb\"},\"inLanguage\":\"hr\",\"potentialAction\":[{\"@type\":\"ReadAction\",\"target\":[\"https:\\\/\\\/hercegovina.edu.ba\\\/hr\\\/sveuciliste-hercegovina-na-emphasis-sastanku-u-danskoj\\\/\"]}]},{\"@type\":\"ImageObject\",\"inLanguage\":\"hr\",\"@id\":\"https:\\\/\\\/hercegovina.edu.ba\\\/hr\\\/sveuciliste-hercegovina-na-emphasis-sastanku-u-danskoj\\\/#primaryimage\",\"url\":\"https:\\\/\\\/hercegovina.edu.ba\\\/hr\\\/wp-content\\\/uploads\\\/IMG-20260401-WA0180.jpg\",\"contentUrl\":\"https:\\\/\\\/hercegovina.edu.ba\\\/hr\\\/wp-content\\\/uploads\\\/IMG-20260401-WA0180.jpg\",\"width\":2048,\"height\":1536},{\"@type\":\"BreadcrumbList\",\"@id\":\"https:\\\/\\\/hercegovina.edu.ba\\\/hr\\\/sveuciliste-hercegovina-na-emphasis-sastanku-u-danskoj\\\/#breadcrumb\",\"itemListElement\":[{\"@type\":\"ListItem\",\"position\":1,\"name\":\"Po\u010detna stranica\",\"item\":\"https:\\\/\\\/hercegovina.edu.ba\\\/hr\\\/\"},{\"@type\":\"ListItem\",\"position\":2,\"name\":\"Sveu\u010dili\u0161te Hercegovina na EMPHASIS sastanku u Danskoj\"}]},{\"@type\":\"WebSite\",\"@id\":\"https:\\\/\\\/hercegovina.edu.ba\\\/hr\\\/#website\",\"url\":\"https:\\\/\\\/hercegovina.edu.ba\\\/hr\\\/\",\"name\":\"Sveu\u010dili\u0161te Hercegovina\",\"description\":\"Obrazovanje\",\"publisher\":{\"@id\":\"https:\\\/\\\/hercegovina.edu.ba\\\/hr\\\/#organization\"},\"potentialAction\":[{\"@type\":\"SearchAction\",\"target\":{\"@type\":\"EntryPoint\",\"urlTemplate\":\"https:\\\/\\\/hercegovina.edu.ba\\\/hr\\\/?s={search_term_string}\"},\"query-input\":{\"@type\":\"PropertyValueSpecification\",\"valueRequired\":true,\"valueName\":\"search_term_string\"}}],\"inLanguage\":\"hr\"},{\"@type\":\"Organization\",\"@id\":\"https:\\\/\\\/hercegovina.edu.ba\\\/hr\\\/#organization\",\"name\":\"Sveu\u010dili\u0161te Hercegovina\",\"url\":\"https:\\\/\\\/hercegovina.edu.ba\\\/hr\\\/\",\"logo\":{\"@type\":\"ImageObject\",\"inLanguage\":\"hr\",\"@id\":\"https:\\\/\\\/hercegovina.edu.ba\\\/hr\\\/#\\\/schema\\\/logo\\\/image\\\/\",\"url\":\"https:\\\/\\\/hercegovina.edu.ba\\\/hr\\\/wp-content\\\/uploads\\\/2025\\\/03\\\/1sveherc.png\",\"contentUrl\":\"https:\\\/\\\/hercegovina.edu.ba\\\/hr\\\/wp-content\\\/uploads\\\/2025\\\/03\\\/1sveherc.png\",\"width\":300,\"height\":100,\"caption\":\"Sveu\u010dili\u0161te Hercegovina\"},\"image\":{\"@id\":\"https:\\\/\\\/hercegovina.edu.ba\\\/hr\\\/#\\\/schema\\\/logo\\\/image\\\/\"}},{\"@type\":\"Person\",\"@id\":\"https:\\\/\\\/hercegovina.edu.ba\\\/hr\\\/#\\\/schema\\\/person\\\/0685f7907596959d907b14546d11c1b6\",\"name\":\"kmaj\",\"image\":{\"@type\":\"ImageObject\",\"inLanguage\":\"hr\",\"@id\":\"https:\\\/\\\/secure.gravatar.com\\\/avatar\\\/883df1c568a45deb18b6d7aecca6d1046ac3b264cc1473b175fa2dd6ca7f7844?s=96&d=mm&r=g\",\"url\":\"https:\\\/\\\/secure.gravatar.com\\\/avatar\\\/883df1c568a45deb18b6d7aecca6d1046ac3b264cc1473b175fa2dd6ca7f7844?s=96&d=mm&r=g\",\"contentUrl\":\"https:\\\/\\\/secure.gravatar.com\\\/avatar\\\/883df1c568a45deb18b6d7aecca6d1046ac3b264cc1473b175fa2dd6ca7f7844?s=96&d=mm&r=g\",\"caption\":\"kmaj\"},\"sameAs\":[\"https:\\\/\\\/hercegovina.edu.ba\\\/hr\"],\"url\":\"https:\\\/\\\/hercegovina.edu.ba\\\/hr\\\/author\\\/kmaj\\\/\"}]}<\/script>\n<!-- \/ Yoast SEO plugin. -->","yoast_head_json":{"title":"Sveu\u010dili\u0161te Hercegovina na EMPHASIS sastanku u Danskoj - Sveu\u010dili\u0161te Hercegovina","description":"Sveu\u010dili\u0161te Hercegovina na EMPHASIS sastanku u Danskoj, koji je odr\u017ean od 01.04. do 02.04.2026.","robots":{"index":"index","follow":"follow","max-snippet":"max-snippet:-1","max-image-preview":"max-image-preview:large","max-video-preview":"max-video-preview:-1"},"canonical":"https:\/\/hercegovina.edu.ba\/hr\/sveuciliste-hercegovina-na-emphasis-sastanku-u-danskoj\/","og_locale":"hr_HR","og_type":"article","og_title":"Sveu\u010dili\u0161te Hercegovina na EMPHASIS sastanku u Danskoj - Sveu\u010dili\u0161te Hercegovina","og_description":"Sveu\u010dili\u0161te Hercegovina na EMPHASIS sastanku u Danskoj, koji je odr\u017ean od 01.04. do 02.04.2026.","og_url":"https:\/\/hercegovina.edu.ba\/hr\/sveuciliste-hercegovina-na-emphasis-sastanku-u-danskoj\/","og_site_name":"Sveu\u010dili\u0161te Hercegovina","article_published_time":"2026-04-08T15:25:16+00:00","article_modified_time":"2026-04-08T15:26:31+00:00","og_image":[{"width":2048,"height":1536,"url":"https:\/\/hercegovina.edu.ba\/hr\/wp-content\/uploads\/IMG-20260401-WA0180.jpg","type":"image\/jpeg"}],"author":"kmaj","twitter_card":"summary_large_image","twitter_misc":{"Napisao\/la":"kmaj","Procijenjeno vrijeme \u010ditanja":"3 minute"},"schema":{"@context":"https:\/\/schema.org","@graph":[{"@type":"Article","@id":"https:\/\/hercegovina.edu.ba\/hr\/sveuciliste-hercegovina-na-emphasis-sastanku-u-danskoj\/#article","isPartOf":{"@id":"https:\/\/hercegovina.edu.ba\/hr\/sveuciliste-hercegovina-na-emphasis-sastanku-u-danskoj\/"},"author":{"name":"kmaj","@id":"https:\/\/hercegovina.edu.ba\/hr\/#\/schema\/person\/0685f7907596959d907b14546d11c1b6"},"headline":"Sveu\u010dili\u0161te Hercegovina na EMPHASIS sastanku u Danskoj","datePublished":"2026-04-08T15:25:16+00:00","dateModified":"2026-04-08T15:26:31+00:00","mainEntityOfPage":{"@id":"https:\/\/hercegovina.edu.ba\/hr\/sveuciliste-hercegovina-na-emphasis-sastanku-u-danskoj\/"},"wordCount":407,"publisher":{"@id":"https:\/\/hercegovina.edu.ba\/hr\/#organization"},"image":{"@id":"https:\/\/hercegovina.edu.ba\/hr\/sveuciliste-hercegovina-na-emphasis-sastanku-u-danskoj\/#primaryimage"},"thumbnailUrl":"https:\/\/hercegovina.edu.ba\/hr\/wp-content\/uploads\/IMG-20260401-WA0180.jpg","articleSection":["Novosti","Vijesti"],"inLanguage":"hr"},{"@type":"WebPage","@id":"https:\/\/hercegovina.edu.ba\/hr\/sveuciliste-hercegovina-na-emphasis-sastanku-u-danskoj\/","url":"https:\/\/hercegovina.edu.ba\/hr\/sveuciliste-hercegovina-na-emphasis-sastanku-u-danskoj\/","name":"Sveu\u010dili\u0161te Hercegovina na EMPHASIS sastanku u Danskoj - Sveu\u010dili\u0161te Hercegovina","isPartOf":{"@id":"https:\/\/hercegovina.edu.ba\/hr\/#website"},"primaryImageOfPage":{"@id":"https:\/\/hercegovina.edu.ba\/hr\/sveuciliste-hercegovina-na-emphasis-sastanku-u-danskoj\/#primaryimage"},"image":{"@id":"https:\/\/hercegovina.edu.ba\/hr\/sveuciliste-hercegovina-na-emphasis-sastanku-u-danskoj\/#primaryimage"},"thumbnailUrl":"https:\/\/hercegovina.edu.ba\/hr\/wp-content\/uploads\/IMG-20260401-WA0180.jpg","datePublished":"2026-04-08T15:25:16+00:00","dateModified":"2026-04-08T15:26:31+00:00","description":"Sveu\u010dili\u0161te Hercegovina na EMPHASIS sastanku u Danskoj, koji je odr\u017ean od 01.04. do 02.04.2026.","breadcrumb":{"@id":"https:\/\/hercegovina.edu.ba\/hr\/sveuciliste-hercegovina-na-emphasis-sastanku-u-danskoj\/#breadcrumb"},"inLanguage":"hr","potentialAction":[{"@type":"ReadAction","target":["https:\/\/hercegovina.edu.ba\/hr\/sveuciliste-hercegovina-na-emphasis-sastanku-u-danskoj\/"]}]},{"@type":"ImageObject","inLanguage":"hr","@id":"https:\/\/hercegovina.edu.ba\/hr\/sveuciliste-hercegovina-na-emphasis-sastanku-u-danskoj\/#primaryimage","url":"https:\/\/hercegovina.edu.ba\/hr\/wp-content\/uploads\/IMG-20260401-WA0180.jpg","contentUrl":"https:\/\/hercegovina.edu.ba\/hr\/wp-content\/uploads\/IMG-20260401-WA0180.jpg","width":2048,"height":1536},{"@type":"BreadcrumbList","@id":"https:\/\/hercegovina.edu.ba\/hr\/sveuciliste-hercegovina-na-emphasis-sastanku-u-danskoj\/#breadcrumb","itemListElement":[{"@type":"ListItem","position":1,"name":"Po\u010detna stranica","item":"https:\/\/hercegovina.edu.ba\/hr\/"},{"@type":"ListItem","position":2,"name":"Sveu\u010dili\u0161te Hercegovina na EMPHASIS sastanku u Danskoj"}]},{"@type":"WebSite","@id":"https:\/\/hercegovina.edu.ba\/hr\/#website","url":"https:\/\/hercegovina.edu.ba\/hr\/","name":"Sveu\u010dili\u0161te Hercegovina","description":"Obrazovanje","publisher":{"@id":"https:\/\/hercegovina.edu.ba\/hr\/#organization"},"potentialAction":[{"@type":"SearchAction","target":{"@type":"EntryPoint","urlTemplate":"https:\/\/hercegovina.edu.ba\/hr\/?s={search_term_string}"},"query-input":{"@type":"PropertyValueSpecification","valueRequired":true,"valueName":"search_term_string"}}],"inLanguage":"hr"},{"@type":"Organization","@id":"https:\/\/hercegovina.edu.ba\/hr\/#organization","name":"Sveu\u010dili\u0161te Hercegovina","url":"https:\/\/hercegovina.edu.ba\/hr\/","logo":{"@type":"ImageObject","inLanguage":"hr","@id":"https:\/\/hercegovina.edu.ba\/hr\/#\/schema\/logo\/image\/","url":"https:\/\/hercegovina.edu.ba\/hr\/wp-content\/uploads\/2025\/03\/1sveherc.png","contentUrl":"https:\/\/hercegovina.edu.ba\/hr\/wp-content\/uploads\/2025\/03\/1sveherc.png","width":300,"height":100,"caption":"Sveu\u010dili\u0161te Hercegovina"},"image":{"@id":"https:\/\/hercegovina.edu.ba\/hr\/#\/schema\/logo\/image\/"}},{"@type":"Person","@id":"https:\/\/hercegovina.edu.ba\/hr\/#\/schema\/person\/0685f7907596959d907b14546d11c1b6","name":"kmaj","image":{"@type":"ImageObject","inLanguage":"hr","@id":"https:\/\/secure.gravatar.com\/avatar\/883df1c568a45deb18b6d7aecca6d1046ac3b264cc1473b175fa2dd6ca7f7844?s=96&d=mm&r=g","url":"https:\/\/secure.gravatar.com\/avatar\/883df1c568a45deb18b6d7aecca6d1046ac3b264cc1473b175fa2dd6ca7f7844?s=96&d=mm&r=g","contentUrl":"https:\/\/secure.gravatar.com\/avatar\/883df1c568a45deb18b6d7aecca6d1046ac3b264cc1473b175fa2dd6ca7f7844?s=96&d=mm&r=g","caption":"kmaj"},"sameAs":["https:\/\/hercegovina.edu.ba\/hr"],"url":"https:\/\/hercegovina.edu.ba\/hr\/author\/kmaj\/"}]}},"jetpack_featured_media_url":"https:\/\/hercegovina.edu.ba\/hr\/wp-content\/uploads\/IMG-20260401-WA0180.jpg","jetpack_sharing_enabled":true,"_links":{"self":[{"href":"https:\/\/hercegovina.edu.ba\/hr\/wp-json\/wp\/v2\/posts\/17883","targetHints":{"allow":["GET"]}}],"collection":[{"href":"https:\/\/hercegovina.edu.ba\/hr\/wp-json\/wp\/v2\/posts"}],"about":[{"href":"https:\/\/hercegovina.edu.ba\/hr\/wp-json\/wp\/v2\/types\/post"}],"author":[{"embeddable":true,"href":"https:\/\/hercegovina.edu.ba\/hr\/wp-json\/wp\/v2\/users\/1"}],"replies":[{"embeddable":true,"href":"https:\/\/hercegovina.edu.ba\/hr\/wp-json\/wp\/v2\/comments?post=17883"}],"version-history":[{"count":1,"href":"https:\/\/hercegovina.edu.ba\/hr\/wp-json\/wp\/v2\/posts\/17883\/revisions"}],"predecessor-version":[{"id":17889,"href":"https:\/\/hercegovina.edu.ba\/hr\/wp-json\/wp\/v2\/posts\/17883\/revisions\/17889"}],"wp:featuredmedia":[{"embeddable":true,"href":"https:\/\/hercegovina.edu.ba\/hr\/wp-json\/wp\/v2\/media\/17885"}],"wp:attachment":[{"href":"https:\/\/hercegovina.edu.ba\/hr\/wp-json\/wp\/v2\/media?parent=17883"}],"wp:term":[{"taxonomy":"category","embeddable":true,"href":"https:\/\/hercegovina.edu.ba\/hr\/wp-json\/wp\/v2\/categories?post=17883"},{"taxonomy":"post_tag","embeddable":true,"href":"https:\/\/hercegovina.edu.ba\/hr\/wp-json\/wp\/v2\/tags?post=17883"}],"curies":[{"name":"wp","href":"https:\/\/api.w.org\/{rel}","templated":true}]}}