{"id":17872,"date":"2026-03-20T11:52:10","date_gmt":"2026-03-20T10:52:10","guid":{"rendered":"https:\/\/hercegovina.edu.ba\/hr\/?p=17872"},"modified":"2026-03-20T12:00:31","modified_gmt":"2026-03-20T11:00:31","slug":"sveuciliste-hercegovina-na-petom-susretu-partnera-inteco-projekta-u-beogradu","status":"publish","type":"post","link":"https:\/\/hercegovina.edu.ba\/hr\/sveuciliste-hercegovina-na-petom-susretu-partnera-inteco-projekta-u-beogradu\/","title":{"rendered":"Sveu\u010dili\u0161te Hercegovina na petom susretu partnera INTECO projekta u Beogradu"},"content":{"rendered":"\n<p>U Beogradu je od 11. do 13. O\u017eujka, 2026. godine odr\u017ean peti susret partnera projekta Improving the capacity of international cooperation and economic cooperation of WB HEIs &#8211; INTECO) (<em>Unaprje\u0111enje kapaciteta me\u0111unarodne i gospodarske suradnje visoko\u0161kolskih ustanova Zapadnog Balkana<\/em>) usmjerenog na ja\u010danje veza izme\u0111u akademskog i gospodarskog sektora. Doma\u0107in susreta bila je Akademija tehni\u010dko-umetni\u010dkih strukovnih studija Beograd, a okupilo se 20 sudionika iz pet zemalja.<\/p>\n\n\n\n<p>Predstavnici partnerskih institucija raspravljali su o dosada\u0161njim rezultatima i izazovima projekta, uz razmjenu profesionalnih i organizacijskih iskustava. Poseban naglasak stavljen je na edukativni segment, kroz module pripreme projektnih prijedloga mobilnosti i upravljanje Erasmus+ projektima, uklju\u010duju\u0107i naj\u010de\u0161\u0107e pogre\u0161ke u provedbi te modele stipendiranja studenata, uz primjere dobre prakse iz Europe i specifi\u010dnosti regije.<\/p>\n\n\n\n<p>Projekt INTECO, financiran kroz program Europske unije, ima za cilj unaprijediti me\u0111unarodnu suradnju i suradnju s gospodarstvom visoko\u0161kolskih ustanova Zapadnog Balkana. Klju\u010dne aktivnosti uklju\u010duju uspostavu Me\u0111unarodnih centara za suradnju (ICC) i Centara za razvoj karijere (CDC), kao i razvoj strategija internacionalizacije uz podr\u0161ku europskih partnera.<\/p>\n\n\n\n<p>Me\u0111unarodni centri za suradnju pru\u017eat \u0107e podr\u0161ku u pripremi i provedbi projekata, informirati o natje\u010dajima te organizirati edukativne aktivnosti. Strategije internacionalizacije usmjerene su na modernizaciju studijskih programa, pove\u0107anje mobilnosti studenata i nastavnika te ja\u010danje suradnje s inozemnim institucijama i gospodarstvom, uz naglasak na digitalizaciju, inkluziju i odr\u017eivi razvoj.<\/p>\n\n\n\n<p>Centri za razvoj karijere bit \u0107e klju\u010dna podr\u0161ka studentima i diplomantima u stjecanju prakti\u010dnih vje\u0161tina i povezivanju s tr\u017ei\u0161tem rada. Kroz radionice, sajmove stipendija, stru\u010dne prakse i prezentacije poslodavaca, studenti \u0107e dobiti potrebna znanja za uspje\u0161an profesionalni razvoj.<\/p>\n\n\n\n<p>Na susretu su sudjelovali predstavnici Evropskog univerziteta Br\u010dko distrikt, Sveu\u010dili\u0161ta\/Univerziteta \u201cVITEZ\u201d, Sveu\u010dili\u0161ta Hercegovina, Univerziteta \u201cAdriatik\u201d Bar, Politehni\u010dkog univerziteta u Madridu (Universidad Politecnica de Madrid), Veleu\u010dili\u0161ta Baltazar Zapre\u0161i\u0107 te RTV HIT Br\u010dko distrikt, \u010dime je dodatno potvr\u0111ena me\u0111unarodna dimenzija projekta.<\/p>\n\n\n\n<p>Vi\u0161e u projektu sa izjavama dijela sudionika mo\u017eete vidjeti u prilogu RTV Hit iz Br\u010dkog:<a href=\"https:\/\/youtu.be\/XTvzjA2uq9Y?is=UfqdbWXG449zCeZR\">https:\/\/youtu.be\/XTvzjA2uq9Y?is=UfqdbWXG449zCeZR<\/a><\/p>\n","protected":false},"excerpt":{"rendered":"<p>U Beogradu je od 11. do 13. O\u017eujka, 2026. godine odr\u017ean peti susret partnera projekta Improving the capacity of international cooperation and economic cooperation of WB HEIs &#8211; INTECO) (Unaprje\u0111enje kapaciteta me\u0111unarodne i gospodarske suradnje visoko\u0161kolskih ustanova Zapadnog Balkana) usmjerenog &hellip; <\/p>\n","protected":false},"author":1,"featured_media":17875,"comment_status":"closed","ping_status":"closed","sticky":false,"template":"","format":"standard","meta":{"_jetpack_memberships_contains_paid_content":false,"footnotes":""},"categories":[66,64],"tags":[],"class_list":["post-17872","post","type-post","status-publish","format-standard","has-post-thumbnail","hentry","category-novosti","category-vijesti"],"yoast_head":"<!-- This site is optimized with the Yoast SEO plugin v27.3 - https:\/\/yoast.com\/product\/yoast-seo-wordpress\/ -->\n<title>Sveu\u010dili\u0161te Hercegovina na petom susretu partnera INTECO projekta u Beogradu - Sveu\u010dili\u0161te Hercegovina<\/title>\n<meta name=\"description\" content=\"Beogradu je od 11. do 13. O\u017eujka, 2026. godine odr\u017ean peti susret partnera projekta Improving the capacity of international cooperation and economic cooperation of WB HEIs - INTECO) (Unaprje\u0111enje kapaciteta me\u0111unarodne i gospodarske suradnje visoko\u0161kolskih ustanova Zapadnog Balkana) usmjerenog na ja\u010danje veza izme\u0111u akademskog i gospodarskog sektora. Doma\u0107in susreta bila je Akademija tehni\u010dko-umetni\u010dkih strukovnih studija Beograd, a okupilo se 20 sudionika iz pet zemalja.\" \/>\n<meta name=\"robots\" content=\"index, follow, max-snippet:-1, max-image-preview:large, max-video-preview:-1\" \/>\n<link rel=\"canonical\" href=\"https:\/\/hercegovina.edu.ba\/hr\/sveuciliste-hercegovina-na-petom-susretu-partnera-inteco-projekta-u-beogradu\/\" \/>\n<meta property=\"og:locale\" content=\"hr_HR\" \/>\n<meta property=\"og:type\" content=\"article\" \/>\n<meta property=\"og:title\" content=\"Sveu\u010dili\u0161te Hercegovina na petom susretu partnera INTECO projekta u Beogradu - Sveu\u010dili\u0161te Hercegovina\" \/>\n<meta property=\"og:description\" content=\"Beogradu je od 11. do 13. O\u017eujka, 2026. godine odr\u017ean peti susret partnera projekta Improving the capacity of international cooperation and economic cooperation of WB HEIs - INTECO) (Unaprje\u0111enje kapaciteta me\u0111unarodne i gospodarske suradnje visoko\u0161kolskih ustanova Zapadnog Balkana) usmjerenog na ja\u010danje veza izme\u0111u akademskog i gospodarskog sektora. Doma\u0107in susreta bila je Akademija tehni\u010dko-umetni\u010dkih strukovnih studija Beograd, a okupilo se 20 sudionika iz pet zemalja.\" \/>\n<meta property=\"og:url\" content=\"https:\/\/hercegovina.edu.ba\/hr\/sveuciliste-hercegovina-na-petom-susretu-partnera-inteco-projekta-u-beogradu\/\" \/>\n<meta property=\"og:site_name\" content=\"Sveu\u010dili\u0161te Hercegovina\" \/>\n<meta property=\"article:published_time\" content=\"2026-03-20T10:52:10+00:00\" \/>\n<meta property=\"article:modified_time\" content=\"2026-03-20T11:00:31+00:00\" \/>\n<meta property=\"og:image\" content=\"https:\/\/hercegovina.edu.ba\/hr\/wp-content\/uploads\/3-5-1.jpg\" \/>\n\t<meta property=\"og:image:width\" content=\"1080\" \/>\n\t<meta property=\"og:image:height\" content=\"1029\" \/>\n\t<meta property=\"og:image:type\" content=\"image\/jpeg\" \/>\n<meta name=\"author\" content=\"kmaj\" \/>\n<meta name=\"twitter:card\" content=\"summary_large_image\" \/>\n<meta name=\"twitter:label1\" content=\"Napisao\/la\" \/>\n\t<meta name=\"twitter:data1\" content=\"kmaj\" \/>\n\t<meta name=\"twitter:label2\" content=\"Procijenjeno vrijeme \u010ditanja\" \/>\n\t<meta name=\"twitter:data2\" content=\"2 minute\" \/>\n<script type=\"application\/ld+json\" class=\"yoast-schema-graph\">{\"@context\":\"https:\\\/\\\/schema.org\",\"@graph\":[{\"@type\":\"Article\",\"@id\":\"https:\\\/\\\/hercegovina.edu.ba\\\/hr\\\/sveuciliste-hercegovina-na-petom-susretu-partnera-inteco-projekta-u-beogradu\\\/#article\",\"isPartOf\":{\"@id\":\"https:\\\/\\\/hercegovina.edu.ba\\\/hr\\\/sveuciliste-hercegovina-na-petom-susretu-partnera-inteco-projekta-u-beogradu\\\/\"},\"author\":{\"name\":\"kmaj\",\"@id\":\"https:\\\/\\\/hercegovina.edu.ba\\\/hr\\\/#\\\/schema\\\/person\\\/0685f7907596959d907b14546d11c1b6\"},\"headline\":\"Sveu\u010dili\u0161te Hercegovina na petom susretu partnera INTECO projekta u Beogradu\",\"datePublished\":\"2026-03-20T10:52:10+00:00\",\"dateModified\":\"2026-03-20T11:00:31+00:00\",\"mainEntityOfPage\":{\"@id\":\"https:\\\/\\\/hercegovina.edu.ba\\\/hr\\\/sveuciliste-hercegovina-na-petom-susretu-partnera-inteco-projekta-u-beogradu\\\/\"},\"wordCount\":373,\"publisher\":{\"@id\":\"https:\\\/\\\/hercegovina.edu.ba\\\/hr\\\/#organization\"},\"image\":{\"@id\":\"https:\\\/\\\/hercegovina.edu.ba\\\/hr\\\/sveuciliste-hercegovina-na-petom-susretu-partnera-inteco-projekta-u-beogradu\\\/#primaryimage\"},\"thumbnailUrl\":\"https:\\\/\\\/hercegovina.edu.ba\\\/hr\\\/wp-content\\\/uploads\\\/3-5-1.jpg\",\"articleSection\":[\"Novosti\",\"Vijesti\"],\"inLanguage\":\"hr\"},{\"@type\":\"WebPage\",\"@id\":\"https:\\\/\\\/hercegovina.edu.ba\\\/hr\\\/sveuciliste-hercegovina-na-petom-susretu-partnera-inteco-projekta-u-beogradu\\\/\",\"url\":\"https:\\\/\\\/hercegovina.edu.ba\\\/hr\\\/sveuciliste-hercegovina-na-petom-susretu-partnera-inteco-projekta-u-beogradu\\\/\",\"name\":\"Sveu\u010dili\u0161te Hercegovina na petom susretu partnera INTECO projekta u Beogradu - Sveu\u010dili\u0161te Hercegovina\",\"isPartOf\":{\"@id\":\"https:\\\/\\\/hercegovina.edu.ba\\\/hr\\\/#website\"},\"primaryImageOfPage\":{\"@id\":\"https:\\\/\\\/hercegovina.edu.ba\\\/hr\\\/sveuciliste-hercegovina-na-petom-susretu-partnera-inteco-projekta-u-beogradu\\\/#primaryimage\"},\"image\":{\"@id\":\"https:\\\/\\\/hercegovina.edu.ba\\\/hr\\\/sveuciliste-hercegovina-na-petom-susretu-partnera-inteco-projekta-u-beogradu\\\/#primaryimage\"},\"thumbnailUrl\":\"https:\\\/\\\/hercegovina.edu.ba\\\/hr\\\/wp-content\\\/uploads\\\/3-5-1.jpg\",\"datePublished\":\"2026-03-20T10:52:10+00:00\",\"dateModified\":\"2026-03-20T11:00:31+00:00\",\"description\":\"Beogradu je od 11. do 13. O\u017eujka, 2026. godine odr\u017ean peti susret partnera projekta Improving the capacity of international cooperation and economic cooperation of WB HEIs - INTECO) (Unaprje\u0111enje kapaciteta me\u0111unarodne i gospodarske suradnje visoko\u0161kolskih ustanova Zapadnog Balkana) usmjerenog na ja\u010danje veza izme\u0111u akademskog i gospodarskog sektora. Doma\u0107in susreta bila je Akademija tehni\u010dko-umetni\u010dkih strukovnih studija Beograd, a okupilo se 20 sudionika iz pet zemalja.\",\"breadcrumb\":{\"@id\":\"https:\\\/\\\/hercegovina.edu.ba\\\/hr\\\/sveuciliste-hercegovina-na-petom-susretu-partnera-inteco-projekta-u-beogradu\\\/#breadcrumb\"},\"inLanguage\":\"hr\",\"potentialAction\":[{\"@type\":\"ReadAction\",\"target\":[\"https:\\\/\\\/hercegovina.edu.ba\\\/hr\\\/sveuciliste-hercegovina-na-petom-susretu-partnera-inteco-projekta-u-beogradu\\\/\"]}]},{\"@type\":\"ImageObject\",\"inLanguage\":\"hr\",\"@id\":\"https:\\\/\\\/hercegovina.edu.ba\\\/hr\\\/sveuciliste-hercegovina-na-petom-susretu-partnera-inteco-projekta-u-beogradu\\\/#primaryimage\",\"url\":\"https:\\\/\\\/hercegovina.edu.ba\\\/hr\\\/wp-content\\\/uploads\\\/3-5-1.jpg\",\"contentUrl\":\"https:\\\/\\\/hercegovina.edu.ba\\\/hr\\\/wp-content\\\/uploads\\\/3-5-1.jpg\",\"width\":1080,\"height\":1029},{\"@type\":\"BreadcrumbList\",\"@id\":\"https:\\\/\\\/hercegovina.edu.ba\\\/hr\\\/sveuciliste-hercegovina-na-petom-susretu-partnera-inteco-projekta-u-beogradu\\\/#breadcrumb\",\"itemListElement\":[{\"@type\":\"ListItem\",\"position\":1,\"name\":\"Po\u010detna stranica\",\"item\":\"https:\\\/\\\/hercegovina.edu.ba\\\/hr\\\/\"},{\"@type\":\"ListItem\",\"position\":2,\"name\":\"Sveu\u010dili\u0161te Hercegovina na petom susretu partnera INTECO projekta u Beogradu\"}]},{\"@type\":\"WebSite\",\"@id\":\"https:\\\/\\\/hercegovina.edu.ba\\\/hr\\\/#website\",\"url\":\"https:\\\/\\\/hercegovina.edu.ba\\\/hr\\\/\",\"name\":\"Sveu\u010dili\u0161te Hercegovina\",\"description\":\"Obrazovanje\",\"publisher\":{\"@id\":\"https:\\\/\\\/hercegovina.edu.ba\\\/hr\\\/#organization\"},\"potentialAction\":[{\"@type\":\"SearchAction\",\"target\":{\"@type\":\"EntryPoint\",\"urlTemplate\":\"https:\\\/\\\/hercegovina.edu.ba\\\/hr\\\/?s={search_term_string}\"},\"query-input\":{\"@type\":\"PropertyValueSpecification\",\"valueRequired\":true,\"valueName\":\"search_term_string\"}}],\"inLanguage\":\"hr\"},{\"@type\":\"Organization\",\"@id\":\"https:\\\/\\\/hercegovina.edu.ba\\\/hr\\\/#organization\",\"name\":\"Sveu\u010dili\u0161te Hercegovina\",\"url\":\"https:\\\/\\\/hercegovina.edu.ba\\\/hr\\\/\",\"logo\":{\"@type\":\"ImageObject\",\"inLanguage\":\"hr\",\"@id\":\"https:\\\/\\\/hercegovina.edu.ba\\\/hr\\\/#\\\/schema\\\/logo\\\/image\\\/\",\"url\":\"https:\\\/\\\/hercegovina.edu.ba\\\/hr\\\/wp-content\\\/uploads\\\/2025\\\/03\\\/1sveherc.png\",\"contentUrl\":\"https:\\\/\\\/hercegovina.edu.ba\\\/hr\\\/wp-content\\\/uploads\\\/2025\\\/03\\\/1sveherc.png\",\"width\":300,\"height\":100,\"caption\":\"Sveu\u010dili\u0161te Hercegovina\"},\"image\":{\"@id\":\"https:\\\/\\\/hercegovina.edu.ba\\\/hr\\\/#\\\/schema\\\/logo\\\/image\\\/\"}},{\"@type\":\"Person\",\"@id\":\"https:\\\/\\\/hercegovina.edu.ba\\\/hr\\\/#\\\/schema\\\/person\\\/0685f7907596959d907b14546d11c1b6\",\"name\":\"kmaj\",\"image\":{\"@type\":\"ImageObject\",\"inLanguage\":\"hr\",\"@id\":\"https:\\\/\\\/secure.gravatar.com\\\/avatar\\\/883df1c568a45deb18b6d7aecca6d1046ac3b264cc1473b175fa2dd6ca7f7844?s=96&d=mm&r=g\",\"url\":\"https:\\\/\\\/secure.gravatar.com\\\/avatar\\\/883df1c568a45deb18b6d7aecca6d1046ac3b264cc1473b175fa2dd6ca7f7844?s=96&d=mm&r=g\",\"contentUrl\":\"https:\\\/\\\/secure.gravatar.com\\\/avatar\\\/883df1c568a45deb18b6d7aecca6d1046ac3b264cc1473b175fa2dd6ca7f7844?s=96&d=mm&r=g\",\"caption\":\"kmaj\"},\"sameAs\":[\"https:\\\/\\\/hercegovina.edu.ba\\\/hr\"],\"url\":\"https:\\\/\\\/hercegovina.edu.ba\\\/hr\\\/author\\\/kmaj\\\/\"}]}<\/script>\n<!-- \/ Yoast SEO plugin. -->","yoast_head_json":{"title":"Sveu\u010dili\u0161te Hercegovina na petom susretu partnera INTECO projekta u Beogradu - Sveu\u010dili\u0161te Hercegovina","description":"Beogradu je od 11. do 13. O\u017eujka, 2026. godine odr\u017ean peti susret partnera projekta Improving the capacity of international cooperation and economic cooperation of WB HEIs - INTECO) (Unaprje\u0111enje kapaciteta me\u0111unarodne i gospodarske suradnje visoko\u0161kolskih ustanova Zapadnog Balkana) usmjerenog na ja\u010danje veza izme\u0111u akademskog i gospodarskog sektora. Doma\u0107in susreta bila je Akademija tehni\u010dko-umetni\u010dkih strukovnih studija Beograd, a okupilo se 20 sudionika iz pet zemalja.","robots":{"index":"index","follow":"follow","max-snippet":"max-snippet:-1","max-image-preview":"max-image-preview:large","max-video-preview":"max-video-preview:-1"},"canonical":"https:\/\/hercegovina.edu.ba\/hr\/sveuciliste-hercegovina-na-petom-susretu-partnera-inteco-projekta-u-beogradu\/","og_locale":"hr_HR","og_type":"article","og_title":"Sveu\u010dili\u0161te Hercegovina na petom susretu partnera INTECO projekta u Beogradu - Sveu\u010dili\u0161te Hercegovina","og_description":"Beogradu je od 11. do 13. O\u017eujka, 2026. godine odr\u017ean peti susret partnera projekta Improving the capacity of international cooperation and economic cooperation of WB HEIs - INTECO) (Unaprje\u0111enje kapaciteta me\u0111unarodne i gospodarske suradnje visoko\u0161kolskih ustanova Zapadnog Balkana) usmjerenog na ja\u010danje veza izme\u0111u akademskog i gospodarskog sektora. Doma\u0107in susreta bila je Akademija tehni\u010dko-umetni\u010dkih strukovnih studija Beograd, a okupilo se 20 sudionika iz pet zemalja.","og_url":"https:\/\/hercegovina.edu.ba\/hr\/sveuciliste-hercegovina-na-petom-susretu-partnera-inteco-projekta-u-beogradu\/","og_site_name":"Sveu\u010dili\u0161te Hercegovina","article_published_time":"2026-03-20T10:52:10+00:00","article_modified_time":"2026-03-20T11:00:31+00:00","og_image":[{"width":1080,"height":1029,"url":"https:\/\/hercegovina.edu.ba\/hr\/wp-content\/uploads\/3-5-1.jpg","type":"image\/jpeg"}],"author":"kmaj","twitter_card":"summary_large_image","twitter_misc":{"Napisao\/la":"kmaj","Procijenjeno vrijeme \u010ditanja":"2 minute"},"schema":{"@context":"https:\/\/schema.org","@graph":[{"@type":"Article","@id":"https:\/\/hercegovina.edu.ba\/hr\/sveuciliste-hercegovina-na-petom-susretu-partnera-inteco-projekta-u-beogradu\/#article","isPartOf":{"@id":"https:\/\/hercegovina.edu.ba\/hr\/sveuciliste-hercegovina-na-petom-susretu-partnera-inteco-projekta-u-beogradu\/"},"author":{"name":"kmaj","@id":"https:\/\/hercegovina.edu.ba\/hr\/#\/schema\/person\/0685f7907596959d907b14546d11c1b6"},"headline":"Sveu\u010dili\u0161te Hercegovina na petom susretu partnera INTECO projekta u Beogradu","datePublished":"2026-03-20T10:52:10+00:00","dateModified":"2026-03-20T11:00:31+00:00","mainEntityOfPage":{"@id":"https:\/\/hercegovina.edu.ba\/hr\/sveuciliste-hercegovina-na-petom-susretu-partnera-inteco-projekta-u-beogradu\/"},"wordCount":373,"publisher":{"@id":"https:\/\/hercegovina.edu.ba\/hr\/#organization"},"image":{"@id":"https:\/\/hercegovina.edu.ba\/hr\/sveuciliste-hercegovina-na-petom-susretu-partnera-inteco-projekta-u-beogradu\/#primaryimage"},"thumbnailUrl":"https:\/\/hercegovina.edu.ba\/hr\/wp-content\/uploads\/3-5-1.jpg","articleSection":["Novosti","Vijesti"],"inLanguage":"hr"},{"@type":"WebPage","@id":"https:\/\/hercegovina.edu.ba\/hr\/sveuciliste-hercegovina-na-petom-susretu-partnera-inteco-projekta-u-beogradu\/","url":"https:\/\/hercegovina.edu.ba\/hr\/sveuciliste-hercegovina-na-petom-susretu-partnera-inteco-projekta-u-beogradu\/","name":"Sveu\u010dili\u0161te Hercegovina na petom susretu partnera INTECO projekta u Beogradu - Sveu\u010dili\u0161te Hercegovina","isPartOf":{"@id":"https:\/\/hercegovina.edu.ba\/hr\/#website"},"primaryImageOfPage":{"@id":"https:\/\/hercegovina.edu.ba\/hr\/sveuciliste-hercegovina-na-petom-susretu-partnera-inteco-projekta-u-beogradu\/#primaryimage"},"image":{"@id":"https:\/\/hercegovina.edu.ba\/hr\/sveuciliste-hercegovina-na-petom-susretu-partnera-inteco-projekta-u-beogradu\/#primaryimage"},"thumbnailUrl":"https:\/\/hercegovina.edu.ba\/hr\/wp-content\/uploads\/3-5-1.jpg","datePublished":"2026-03-20T10:52:10+00:00","dateModified":"2026-03-20T11:00:31+00:00","description":"Beogradu je od 11. do 13. O\u017eujka, 2026. godine odr\u017ean peti susret partnera projekta Improving the capacity of international cooperation and economic cooperation of WB HEIs - INTECO) (Unaprje\u0111enje kapaciteta me\u0111unarodne i gospodarske suradnje visoko\u0161kolskih ustanova Zapadnog Balkana) usmjerenog na ja\u010danje veza izme\u0111u akademskog i gospodarskog sektora. Doma\u0107in susreta bila je Akademija tehni\u010dko-umetni\u010dkih strukovnih studija Beograd, a okupilo se 20 sudionika iz pet zemalja.","breadcrumb":{"@id":"https:\/\/hercegovina.edu.ba\/hr\/sveuciliste-hercegovina-na-petom-susretu-partnera-inteco-projekta-u-beogradu\/#breadcrumb"},"inLanguage":"hr","potentialAction":[{"@type":"ReadAction","target":["https:\/\/hercegovina.edu.ba\/hr\/sveuciliste-hercegovina-na-petom-susretu-partnera-inteco-projekta-u-beogradu\/"]}]},{"@type":"ImageObject","inLanguage":"hr","@id":"https:\/\/hercegovina.edu.ba\/hr\/sveuciliste-hercegovina-na-petom-susretu-partnera-inteco-projekta-u-beogradu\/#primaryimage","url":"https:\/\/hercegovina.edu.ba\/hr\/wp-content\/uploads\/3-5-1.jpg","contentUrl":"https:\/\/hercegovina.edu.ba\/hr\/wp-content\/uploads\/3-5-1.jpg","width":1080,"height":1029},{"@type":"BreadcrumbList","@id":"https:\/\/hercegovina.edu.ba\/hr\/sveuciliste-hercegovina-na-petom-susretu-partnera-inteco-projekta-u-beogradu\/#breadcrumb","itemListElement":[{"@type":"ListItem","position":1,"name":"Po\u010detna stranica","item":"https:\/\/hercegovina.edu.ba\/hr\/"},{"@type":"ListItem","position":2,"name":"Sveu\u010dili\u0161te Hercegovina na petom susretu partnera INTECO projekta u Beogradu"}]},{"@type":"WebSite","@id":"https:\/\/hercegovina.edu.ba\/hr\/#website","url":"https:\/\/hercegovina.edu.ba\/hr\/","name":"Sveu\u010dili\u0161te Hercegovina","description":"Obrazovanje","publisher":{"@id":"https:\/\/hercegovina.edu.ba\/hr\/#organization"},"potentialAction":[{"@type":"SearchAction","target":{"@type":"EntryPoint","urlTemplate":"https:\/\/hercegovina.edu.ba\/hr\/?s={search_term_string}"},"query-input":{"@type":"PropertyValueSpecification","valueRequired":true,"valueName":"search_term_string"}}],"inLanguage":"hr"},{"@type":"Organization","@id":"https:\/\/hercegovina.edu.ba\/hr\/#organization","name":"Sveu\u010dili\u0161te Hercegovina","url":"https:\/\/hercegovina.edu.ba\/hr\/","logo":{"@type":"ImageObject","inLanguage":"hr","@id":"https:\/\/hercegovina.edu.ba\/hr\/#\/schema\/logo\/image\/","url":"https:\/\/hercegovina.edu.ba\/hr\/wp-content\/uploads\/2025\/03\/1sveherc.png","contentUrl":"https:\/\/hercegovina.edu.ba\/hr\/wp-content\/uploads\/2025\/03\/1sveherc.png","width":300,"height":100,"caption":"Sveu\u010dili\u0161te Hercegovina"},"image":{"@id":"https:\/\/hercegovina.edu.ba\/hr\/#\/schema\/logo\/image\/"}},{"@type":"Person","@id":"https:\/\/hercegovina.edu.ba\/hr\/#\/schema\/person\/0685f7907596959d907b14546d11c1b6","name":"kmaj","image":{"@type":"ImageObject","inLanguage":"hr","@id":"https:\/\/secure.gravatar.com\/avatar\/883df1c568a45deb18b6d7aecca6d1046ac3b264cc1473b175fa2dd6ca7f7844?s=96&d=mm&r=g","url":"https:\/\/secure.gravatar.com\/avatar\/883df1c568a45deb18b6d7aecca6d1046ac3b264cc1473b175fa2dd6ca7f7844?s=96&d=mm&r=g","contentUrl":"https:\/\/secure.gravatar.com\/avatar\/883df1c568a45deb18b6d7aecca6d1046ac3b264cc1473b175fa2dd6ca7f7844?s=96&d=mm&r=g","caption":"kmaj"},"sameAs":["https:\/\/hercegovina.edu.ba\/hr"],"url":"https:\/\/hercegovina.edu.ba\/hr\/author\/kmaj\/"}]}},"jetpack_featured_media_url":"https:\/\/hercegovina.edu.ba\/hr\/wp-content\/uploads\/3-5-1.jpg","jetpack_sharing_enabled":true,"_links":{"self":[{"href":"https:\/\/hercegovina.edu.ba\/hr\/wp-json\/wp\/v2\/posts\/17872","targetHints":{"allow":["GET"]}}],"collection":[{"href":"https:\/\/hercegovina.edu.ba\/hr\/wp-json\/wp\/v2\/posts"}],"about":[{"href":"https:\/\/hercegovina.edu.ba\/hr\/wp-json\/wp\/v2\/types\/post"}],"author":[{"embeddable":true,"href":"https:\/\/hercegovina.edu.ba\/hr\/wp-json\/wp\/v2\/users\/1"}],"replies":[{"embeddable":true,"href":"https:\/\/hercegovina.edu.ba\/hr\/wp-json\/wp\/v2\/comments?post=17872"}],"version-history":[{"count":1,"href":"https:\/\/hercegovina.edu.ba\/hr\/wp-json\/wp\/v2\/posts\/17872\/revisions"}],"predecessor-version":[{"id":17874,"href":"https:\/\/hercegovina.edu.ba\/hr\/wp-json\/wp\/v2\/posts\/17872\/revisions\/17874"}],"wp:featuredmedia":[{"embeddable":true,"href":"https:\/\/hercegovina.edu.ba\/hr\/wp-json\/wp\/v2\/media\/17875"}],"wp:attachment":[{"href":"https:\/\/hercegovina.edu.ba\/hr\/wp-json\/wp\/v2\/media?parent=17872"}],"wp:term":[{"taxonomy":"category","embeddable":true,"href":"https:\/\/hercegovina.edu.ba\/hr\/wp-json\/wp\/v2\/categories?post=17872"},{"taxonomy":"post_tag","embeddable":true,"href":"https:\/\/hercegovina.edu.ba\/hr\/wp-json\/wp\/v2\/tags?post=17872"}],"curies":[{"name":"wp","href":"https:\/\/api.w.org\/{rel}","templated":true}]}}