{"id":16489,"date":"2025-03-25T19:02:38","date_gmt":"2025-03-25T18:02:38","guid":{"rendered":"https:\/\/hercegovina.edu.ba\/hr\/?p=16489"},"modified":"2025-03-28T19:55:46","modified_gmt":"2025-03-28T18:55:46","slug":"projekt-inteco","status":"publish","type":"post","link":"https:\/\/hercegovina.edu.ba\/hr\/projekt-inteco\/","title":{"rendered":"Projekt INTECO"},"content":{"rendered":"\n<p><strong>Improving the capacity of international cooperation and economic cooperation of WB HEIs<\/strong><\/p>\n\n\n\n<p>Projekt <a href=\"https:\/\/www.inteco.eubd.edu.ba\/\" target=\"_blank\" rel=\"noreferrer noopener\">INTECO<\/a> ima za cilj unaprijediti proces me\u0111unarodne suradnje i suradnje s gospodarstvom visokih u\u010dili\u0161ta u zemljama Zapadnog Balkana ( Visokoskolska ustanova evropski univerzitet Brcko Distrikt BIH ,Sveu\u010dili\u0161te\/Univerzitet &#8220;VITEZ&#8221;, Sveu\u010diliste Hercegovina, Univerzitet Adriatik Bar) kroz umre\u017eavanje s visokim u\u010dili\u0161tima EU ( Universidad Politecnica de Madrid , Veleu\u010dili\u0161te s pravom javnosti Baltazar Zapresic, Akademija tehnicko-umetnickih strukovnih studija) i<br>gospodarskim sektorom Preduzece za radio difuznu proizvodnju i trgovinsku djelatnost HIT doo. <\/p>\n\n\n\n<p>Cilj projekta je stvaranje novih centara za me\u0111unarodnu suradnju (ICC) i centara za razvoj karijere (CDC) na visokim u\u010dili\u0161tima Zapadnog Balkana, te razvoj strategije internacionalizacije uz pomo\u0107 partnera iz EU.<br>U zajedni\u010dkom projektu Europske unije i Vije\u0107a Europe\u201e prioriteti razvoja visokog obrazovanja u Bosni i Hercegovini za razdoblje 2016.-2026.\u201c zacrtan je plan koji se ti\u010de povezanosti tr\u017ei\u0161ta rada i visokog obrazovanja, u kojem se, izme\u0111u ostalog, planira modernizirati postoje\u0107e i pove\u0107ati broj studijskih programa za kvalifikacije koje su tra\u017eene na tr\u017ei\u0161tu rada, kao i dati veliki prioritet istra\u017eivanju i inovacijama na institucijama visokog obrazovanja &#8211; koje bi trebale podr\u017eavati vlade &#8211; i usmjeriti inovacije na prioritetna podru\u010dja (nove industrije, Horizon projekti, itd.).<br>Kroz razvoj ICC-a doprinijet \u0107e se izgradnji kapaciteta i podizanju razine kvalitete obrazovanja i znanstvenoistra\u017eiva\u010dke djelatnosti Sveu\u010dili\u0161ta kroz me\u0111unarodnu suradnju i realizaciju me\u0111unarodnih projekata. Glavni ciljevi Strategije internacionalizacije bit \u0107e: unapre\u0111enje studijskih programa, pove\u0107anje broja dolaznih i odlaznih mobilnosti,<br>unapre\u0111enje suradnje s inozemnim sveu\u010dili\u0161tima, znanstvenim institucijama, gospodarstvom i drugim partnerskim institucijama kroz me\u0111unarodne projekte, digitalizacija, inkluzija i ekolo\u0161ka odr\u017eivost. Uloga CDC-a bit \u0107e pomo\u0107i studentima i diplomantima visokih u\u010dili\u0161ta Zapadnog Balkana u realizaciji njihovog karijernog plana, odnosno pomo\u0107i im da tijekom<br>studija steknu relevantna iskustva, znanja i vje\u0161tine koje \u0107e im biti va\u017ene za daljnje usavr\u0161avanje i zapo\u0161ljavanje, kao i povezati ih s poslovnom zajednicom i pripremiti ih za uspje\u0161an ulazak na tr\u017ei\u0161te rada nakon zavr\u0161etka studija.<\/p>\n","protected":false},"excerpt":{"rendered":"<p>Improving the capacity of international cooperation and economic cooperation of WB HEIs Projekt INTECO ima za cilj unaprijediti proces me\u0111unarodne suradnje i suradnje s gospodarstvom visokih u\u010dili\u0161ta u zemljama Zapadnog Balkana ( Visokoskolska ustanova evropski univerzitet Brcko Distrikt BIH ,Sveu\u010dili\u0161te\/Univerzitet &hellip; <\/p>\n","protected":false},"author":1,"featured_media":16552,"comment_status":"closed","ping_status":"closed","sticky":false,"template":"","format":"standard","meta":{"_jetpack_memberships_contains_paid_content":false,"footnotes":""},"categories":[17,66],"tags":[],"class_list":["post-16489","post","type-post","status-publish","format-standard","has-post-thumbnail","hentry","category-blog","category-novosti"],"yoast_head":"<!-- This site is optimized with the Yoast SEO plugin v27.3 - https:\/\/yoast.com\/product\/yoast-seo-wordpress\/ -->\n<title>Projekt INTECO - Sveu\u010dili\u0161te Hercegovina<\/title>\n<meta name=\"description\" content=\"Projekt INTECO ima za cilj unaprijediti proces me\u0111unarodne suradnje i suradnje s gospodarstvom visokih u\u010dili\u0161ta u zemljama Zapadnog Balkana\" \/>\n<meta name=\"robots\" content=\"index, follow, max-snippet:-1, max-image-preview:large, max-video-preview:-1\" \/>\n<link rel=\"canonical\" href=\"https:\/\/hercegovina.edu.ba\/hr\/projekt-inteco\/\" \/>\n<meta property=\"og:locale\" content=\"hr_HR\" \/>\n<meta property=\"og:type\" content=\"article\" \/>\n<meta property=\"og:title\" content=\"Projekt INTECO - Sveu\u010dili\u0161te Hercegovina\" \/>\n<meta property=\"og:description\" content=\"Projekt INTECO ima za cilj unaprijediti proces me\u0111unarodne suradnje i suradnje s gospodarstvom visokih u\u010dili\u0161ta u zemljama Zapadnog Balkana\" \/>\n<meta property=\"og:url\" content=\"https:\/\/hercegovina.edu.ba\/hr\/projekt-inteco\/\" \/>\n<meta property=\"og:site_name\" content=\"Sveu\u010dili\u0161te Hercegovina\" \/>\n<meta property=\"article:published_time\" content=\"2025-03-25T18:02:38+00:00\" \/>\n<meta property=\"article:modified_time\" content=\"2025-03-28T18:55:46+00:00\" \/>\n<meta property=\"og:image\" content=\"https:\/\/hercegovina.edu.ba\/hr\/wp-content\/uploads\/2025\/03\/Inteco-EU-funded.png\" \/>\n\t<meta property=\"og:image:width\" content=\"2068\" \/>\n\t<meta property=\"og:image:height\" content=\"735\" \/>\n\t<meta property=\"og:image:type\" content=\"image\/png\" \/>\n<meta name=\"author\" content=\"kmaj\" \/>\n<meta name=\"twitter:card\" content=\"summary_large_image\" \/>\n<meta name=\"twitter:label1\" content=\"Napisao\/la\" \/>\n\t<meta name=\"twitter:data1\" content=\"kmaj\" \/>\n\t<meta name=\"twitter:label2\" content=\"Procijenjeno vrijeme \u010ditanja\" \/>\n\t<meta name=\"twitter:data2\" content=\"2 minute\" \/>\n<script type=\"application\/ld+json\" class=\"yoast-schema-graph\">{\"@context\":\"https:\\\/\\\/schema.org\",\"@graph\":[{\"@type\":\"Article\",\"@id\":\"https:\\\/\\\/hercegovina.edu.ba\\\/hr\\\/projekt-inteco\\\/#article\",\"isPartOf\":{\"@id\":\"https:\\\/\\\/hercegovina.edu.ba\\\/hr\\\/projekt-inteco\\\/\"},\"author\":{\"name\":\"kmaj\",\"@id\":\"https:\\\/\\\/hercegovina.edu.ba\\\/hr\\\/#\\\/schema\\\/person\\\/0685f7907596959d907b14546d11c1b6\"},\"headline\":\"Projekt INTECO\",\"datePublished\":\"2025-03-25T18:02:38+00:00\",\"dateModified\":\"2025-03-28T18:55:46+00:00\",\"mainEntityOfPage\":{\"@id\":\"https:\\\/\\\/hercegovina.edu.ba\\\/hr\\\/projekt-inteco\\\/\"},\"wordCount\":362,\"publisher\":{\"@id\":\"https:\\\/\\\/hercegovina.edu.ba\\\/hr\\\/#organization\"},\"image\":{\"@id\":\"https:\\\/\\\/hercegovina.edu.ba\\\/hr\\\/projekt-inteco\\\/#primaryimage\"},\"thumbnailUrl\":\"https:\\\/\\\/hercegovina.edu.ba\\\/hr\\\/wp-content\\\/uploads\\\/2025\\\/03\\\/Inteco-EU-funded.png\",\"articleSection\":[\"Blog\",\"Novosti\"],\"inLanguage\":\"hr\"},{\"@type\":\"WebPage\",\"@id\":\"https:\\\/\\\/hercegovina.edu.ba\\\/hr\\\/projekt-inteco\\\/\",\"url\":\"https:\\\/\\\/hercegovina.edu.ba\\\/hr\\\/projekt-inteco\\\/\",\"name\":\"Projekt INTECO - Sveu\u010dili\u0161te Hercegovina\",\"isPartOf\":{\"@id\":\"https:\\\/\\\/hercegovina.edu.ba\\\/hr\\\/#website\"},\"primaryImageOfPage\":{\"@id\":\"https:\\\/\\\/hercegovina.edu.ba\\\/hr\\\/projekt-inteco\\\/#primaryimage\"},\"image\":{\"@id\":\"https:\\\/\\\/hercegovina.edu.ba\\\/hr\\\/projekt-inteco\\\/#primaryimage\"},\"thumbnailUrl\":\"https:\\\/\\\/hercegovina.edu.ba\\\/hr\\\/wp-content\\\/uploads\\\/2025\\\/03\\\/Inteco-EU-funded.png\",\"datePublished\":\"2025-03-25T18:02:38+00:00\",\"dateModified\":\"2025-03-28T18:55:46+00:00\",\"description\":\"Projekt INTECO ima za cilj unaprijediti proces me\u0111unarodne suradnje i suradnje s gospodarstvom visokih u\u010dili\u0161ta u zemljama Zapadnog Balkana\",\"breadcrumb\":{\"@id\":\"https:\\\/\\\/hercegovina.edu.ba\\\/hr\\\/projekt-inteco\\\/#breadcrumb\"},\"inLanguage\":\"hr\",\"potentialAction\":[{\"@type\":\"ReadAction\",\"target\":[\"https:\\\/\\\/hercegovina.edu.ba\\\/hr\\\/projekt-inteco\\\/\"]}]},{\"@type\":\"ImageObject\",\"inLanguage\":\"hr\",\"@id\":\"https:\\\/\\\/hercegovina.edu.ba\\\/hr\\\/projekt-inteco\\\/#primaryimage\",\"url\":\"https:\\\/\\\/hercegovina.edu.ba\\\/hr\\\/wp-content\\\/uploads\\\/2025\\\/03\\\/Inteco-EU-funded.png\",\"contentUrl\":\"https:\\\/\\\/hercegovina.edu.ba\\\/hr\\\/wp-content\\\/uploads\\\/2025\\\/03\\\/Inteco-EU-funded.png\",\"width\":2068,\"height\":735},{\"@type\":\"BreadcrumbList\",\"@id\":\"https:\\\/\\\/hercegovina.edu.ba\\\/hr\\\/projekt-inteco\\\/#breadcrumb\",\"itemListElement\":[{\"@type\":\"ListItem\",\"position\":1,\"name\":\"Po\u010detna stranica\",\"item\":\"https:\\\/\\\/hercegovina.edu.ba\\\/hr\\\/\"},{\"@type\":\"ListItem\",\"position\":2,\"name\":\"Projekt INTECO\"}]},{\"@type\":\"WebSite\",\"@id\":\"https:\\\/\\\/hercegovina.edu.ba\\\/hr\\\/#website\",\"url\":\"https:\\\/\\\/hercegovina.edu.ba\\\/hr\\\/\",\"name\":\"Sveu\u010dili\u0161te Hercegovina\",\"description\":\"Obrazovanje\",\"publisher\":{\"@id\":\"https:\\\/\\\/hercegovina.edu.ba\\\/hr\\\/#organization\"},\"potentialAction\":[{\"@type\":\"SearchAction\",\"target\":{\"@type\":\"EntryPoint\",\"urlTemplate\":\"https:\\\/\\\/hercegovina.edu.ba\\\/hr\\\/?s={search_term_string}\"},\"query-input\":{\"@type\":\"PropertyValueSpecification\",\"valueRequired\":true,\"valueName\":\"search_term_string\"}}],\"inLanguage\":\"hr\"},{\"@type\":\"Organization\",\"@id\":\"https:\\\/\\\/hercegovina.edu.ba\\\/hr\\\/#organization\",\"name\":\"Sveu\u010dili\u0161te Hercegovina\",\"url\":\"https:\\\/\\\/hercegovina.edu.ba\\\/hr\\\/\",\"logo\":{\"@type\":\"ImageObject\",\"inLanguage\":\"hr\",\"@id\":\"https:\\\/\\\/hercegovina.edu.ba\\\/hr\\\/#\\\/schema\\\/logo\\\/image\\\/\",\"url\":\"https:\\\/\\\/hercegovina.edu.ba\\\/hr\\\/wp-content\\\/uploads\\\/2025\\\/03\\\/1sveherc.png\",\"contentUrl\":\"https:\\\/\\\/hercegovina.edu.ba\\\/hr\\\/wp-content\\\/uploads\\\/2025\\\/03\\\/1sveherc.png\",\"width\":300,\"height\":100,\"caption\":\"Sveu\u010dili\u0161te Hercegovina\"},\"image\":{\"@id\":\"https:\\\/\\\/hercegovina.edu.ba\\\/hr\\\/#\\\/schema\\\/logo\\\/image\\\/\"}},{\"@type\":\"Person\",\"@id\":\"https:\\\/\\\/hercegovina.edu.ba\\\/hr\\\/#\\\/schema\\\/person\\\/0685f7907596959d907b14546d11c1b6\",\"name\":\"kmaj\",\"image\":{\"@type\":\"ImageObject\",\"inLanguage\":\"hr\",\"@id\":\"https:\\\/\\\/secure.gravatar.com\\\/avatar\\\/883df1c568a45deb18b6d7aecca6d1046ac3b264cc1473b175fa2dd6ca7f7844?s=96&d=mm&r=g\",\"url\":\"https:\\\/\\\/secure.gravatar.com\\\/avatar\\\/883df1c568a45deb18b6d7aecca6d1046ac3b264cc1473b175fa2dd6ca7f7844?s=96&d=mm&r=g\",\"contentUrl\":\"https:\\\/\\\/secure.gravatar.com\\\/avatar\\\/883df1c568a45deb18b6d7aecca6d1046ac3b264cc1473b175fa2dd6ca7f7844?s=96&d=mm&r=g\",\"caption\":\"kmaj\"},\"sameAs\":[\"https:\\\/\\\/hercegovina.edu.ba\\\/hr\"],\"url\":\"https:\\\/\\\/hercegovina.edu.ba\\\/hr\\\/author\\\/kmaj\\\/\"}]}<\/script>\n<!-- \/ Yoast SEO plugin. -->","yoast_head_json":{"title":"Projekt INTECO - Sveu\u010dili\u0161te Hercegovina","description":"Projekt INTECO ima za cilj unaprijediti proces me\u0111unarodne suradnje i suradnje s gospodarstvom visokih u\u010dili\u0161ta u zemljama Zapadnog Balkana","robots":{"index":"index","follow":"follow","max-snippet":"max-snippet:-1","max-image-preview":"max-image-preview:large","max-video-preview":"max-video-preview:-1"},"canonical":"https:\/\/hercegovina.edu.ba\/hr\/projekt-inteco\/","og_locale":"hr_HR","og_type":"article","og_title":"Projekt INTECO - Sveu\u010dili\u0161te Hercegovina","og_description":"Projekt INTECO ima za cilj unaprijediti proces me\u0111unarodne suradnje i suradnje s gospodarstvom visokih u\u010dili\u0161ta u zemljama Zapadnog Balkana","og_url":"https:\/\/hercegovina.edu.ba\/hr\/projekt-inteco\/","og_site_name":"Sveu\u010dili\u0161te Hercegovina","article_published_time":"2025-03-25T18:02:38+00:00","article_modified_time":"2025-03-28T18:55:46+00:00","og_image":[{"width":2068,"height":735,"url":"https:\/\/hercegovina.edu.ba\/hr\/wp-content\/uploads\/2025\/03\/Inteco-EU-funded.png","type":"image\/png"}],"author":"kmaj","twitter_card":"summary_large_image","twitter_misc":{"Napisao\/la":"kmaj","Procijenjeno vrijeme \u010ditanja":"2 minute"},"schema":{"@context":"https:\/\/schema.org","@graph":[{"@type":"Article","@id":"https:\/\/hercegovina.edu.ba\/hr\/projekt-inteco\/#article","isPartOf":{"@id":"https:\/\/hercegovina.edu.ba\/hr\/projekt-inteco\/"},"author":{"name":"kmaj","@id":"https:\/\/hercegovina.edu.ba\/hr\/#\/schema\/person\/0685f7907596959d907b14546d11c1b6"},"headline":"Projekt INTECO","datePublished":"2025-03-25T18:02:38+00:00","dateModified":"2025-03-28T18:55:46+00:00","mainEntityOfPage":{"@id":"https:\/\/hercegovina.edu.ba\/hr\/projekt-inteco\/"},"wordCount":362,"publisher":{"@id":"https:\/\/hercegovina.edu.ba\/hr\/#organization"},"image":{"@id":"https:\/\/hercegovina.edu.ba\/hr\/projekt-inteco\/#primaryimage"},"thumbnailUrl":"https:\/\/hercegovina.edu.ba\/hr\/wp-content\/uploads\/2025\/03\/Inteco-EU-funded.png","articleSection":["Blog","Novosti"],"inLanguage":"hr"},{"@type":"WebPage","@id":"https:\/\/hercegovina.edu.ba\/hr\/projekt-inteco\/","url":"https:\/\/hercegovina.edu.ba\/hr\/projekt-inteco\/","name":"Projekt INTECO - Sveu\u010dili\u0161te Hercegovina","isPartOf":{"@id":"https:\/\/hercegovina.edu.ba\/hr\/#website"},"primaryImageOfPage":{"@id":"https:\/\/hercegovina.edu.ba\/hr\/projekt-inteco\/#primaryimage"},"image":{"@id":"https:\/\/hercegovina.edu.ba\/hr\/projekt-inteco\/#primaryimage"},"thumbnailUrl":"https:\/\/hercegovina.edu.ba\/hr\/wp-content\/uploads\/2025\/03\/Inteco-EU-funded.png","datePublished":"2025-03-25T18:02:38+00:00","dateModified":"2025-03-28T18:55:46+00:00","description":"Projekt INTECO ima za cilj unaprijediti proces me\u0111unarodne suradnje i suradnje s gospodarstvom visokih u\u010dili\u0161ta u zemljama Zapadnog Balkana","breadcrumb":{"@id":"https:\/\/hercegovina.edu.ba\/hr\/projekt-inteco\/#breadcrumb"},"inLanguage":"hr","potentialAction":[{"@type":"ReadAction","target":["https:\/\/hercegovina.edu.ba\/hr\/projekt-inteco\/"]}]},{"@type":"ImageObject","inLanguage":"hr","@id":"https:\/\/hercegovina.edu.ba\/hr\/projekt-inteco\/#primaryimage","url":"https:\/\/hercegovina.edu.ba\/hr\/wp-content\/uploads\/2025\/03\/Inteco-EU-funded.png","contentUrl":"https:\/\/hercegovina.edu.ba\/hr\/wp-content\/uploads\/2025\/03\/Inteco-EU-funded.png","width":2068,"height":735},{"@type":"BreadcrumbList","@id":"https:\/\/hercegovina.edu.ba\/hr\/projekt-inteco\/#breadcrumb","itemListElement":[{"@type":"ListItem","position":1,"name":"Po\u010detna stranica","item":"https:\/\/hercegovina.edu.ba\/hr\/"},{"@type":"ListItem","position":2,"name":"Projekt INTECO"}]},{"@type":"WebSite","@id":"https:\/\/hercegovina.edu.ba\/hr\/#website","url":"https:\/\/hercegovina.edu.ba\/hr\/","name":"Sveu\u010dili\u0161te Hercegovina","description":"Obrazovanje","publisher":{"@id":"https:\/\/hercegovina.edu.ba\/hr\/#organization"},"potentialAction":[{"@type":"SearchAction","target":{"@type":"EntryPoint","urlTemplate":"https:\/\/hercegovina.edu.ba\/hr\/?s={search_term_string}"},"query-input":{"@type":"PropertyValueSpecification","valueRequired":true,"valueName":"search_term_string"}}],"inLanguage":"hr"},{"@type":"Organization","@id":"https:\/\/hercegovina.edu.ba\/hr\/#organization","name":"Sveu\u010dili\u0161te Hercegovina","url":"https:\/\/hercegovina.edu.ba\/hr\/","logo":{"@type":"ImageObject","inLanguage":"hr","@id":"https:\/\/hercegovina.edu.ba\/hr\/#\/schema\/logo\/image\/","url":"https:\/\/hercegovina.edu.ba\/hr\/wp-content\/uploads\/2025\/03\/1sveherc.png","contentUrl":"https:\/\/hercegovina.edu.ba\/hr\/wp-content\/uploads\/2025\/03\/1sveherc.png","width":300,"height":100,"caption":"Sveu\u010dili\u0161te Hercegovina"},"image":{"@id":"https:\/\/hercegovina.edu.ba\/hr\/#\/schema\/logo\/image\/"}},{"@type":"Person","@id":"https:\/\/hercegovina.edu.ba\/hr\/#\/schema\/person\/0685f7907596959d907b14546d11c1b6","name":"kmaj","image":{"@type":"ImageObject","inLanguage":"hr","@id":"https:\/\/secure.gravatar.com\/avatar\/883df1c568a45deb18b6d7aecca6d1046ac3b264cc1473b175fa2dd6ca7f7844?s=96&d=mm&r=g","url":"https:\/\/secure.gravatar.com\/avatar\/883df1c568a45deb18b6d7aecca6d1046ac3b264cc1473b175fa2dd6ca7f7844?s=96&d=mm&r=g","contentUrl":"https:\/\/secure.gravatar.com\/avatar\/883df1c568a45deb18b6d7aecca6d1046ac3b264cc1473b175fa2dd6ca7f7844?s=96&d=mm&r=g","caption":"kmaj"},"sameAs":["https:\/\/hercegovina.edu.ba\/hr"],"url":"https:\/\/hercegovina.edu.ba\/hr\/author\/kmaj\/"}]}},"jetpack_featured_media_url":"https:\/\/hercegovina.edu.ba\/hr\/wp-content\/uploads\/2025\/03\/Inteco-EU-funded.png","jetpack_sharing_enabled":true,"_links":{"self":[{"href":"https:\/\/hercegovina.edu.ba\/hr\/wp-json\/wp\/v2\/posts\/16489","targetHints":{"allow":["GET"]}}],"collection":[{"href":"https:\/\/hercegovina.edu.ba\/hr\/wp-json\/wp\/v2\/posts"}],"about":[{"href":"https:\/\/hercegovina.edu.ba\/hr\/wp-json\/wp\/v2\/types\/post"}],"author":[{"embeddable":true,"href":"https:\/\/hercegovina.edu.ba\/hr\/wp-json\/wp\/v2\/users\/1"}],"replies":[{"embeddable":true,"href":"https:\/\/hercegovina.edu.ba\/hr\/wp-json\/wp\/v2\/comments?post=16489"}],"version-history":[{"count":3,"href":"https:\/\/hercegovina.edu.ba\/hr\/wp-json\/wp\/v2\/posts\/16489\/revisions"}],"predecessor-version":[{"id":16554,"href":"https:\/\/hercegovina.edu.ba\/hr\/wp-json\/wp\/v2\/posts\/16489\/revisions\/16554"}],"wp:featuredmedia":[{"embeddable":true,"href":"https:\/\/hercegovina.edu.ba\/hr\/wp-json\/wp\/v2\/media\/16552"}],"wp:attachment":[{"href":"https:\/\/hercegovina.edu.ba\/hr\/wp-json\/wp\/v2\/media?parent=16489"}],"wp:term":[{"taxonomy":"category","embeddable":true,"href":"https:\/\/hercegovina.edu.ba\/hr\/wp-json\/wp\/v2\/categories?post=16489"},{"taxonomy":"post_tag","embeddable":true,"href":"https:\/\/hercegovina.edu.ba\/hr\/wp-json\/wp\/v2\/tags?post=16489"}],"curies":[{"name":"wp","href":"https:\/\/api.w.org\/{rel}","templated":true}]}}