{"id":16418,"date":"2025-03-23T15:52:20","date_gmt":"2025-03-23T14:52:20","guid":{"rendered":"https:\/\/hercegovina.edu.ba\/hr\/?p=16418"},"modified":"2025-03-23T15:52:21","modified_gmt":"2025-03-23T14:52:21","slug":"uspjesno-zavrsen-unigem-projekt","status":"publish","type":"post","link":"https:\/\/hercegovina.edu.ba\/hr\/uspjesno-zavrsen-unigem-projekt\/","title":{"rendered":"Uspje\u0161no zavr\u0161en UNIGEM projekt"},"content":{"rendered":"\n<p>ajedni\u010dki projekt 19 sveu\u010dili\u0161ta iz Bosne i Hercegovine i regije \u201eUniversity and Gender Mainstreaming (UNIGEM)\u201c pod koordinacijom TPO fondacije iz Sarajeva i pokroviteljstvom Vlade Ujedinjenog Kraljevstva uspje\u0161no je zavr\u0161en u srijedu, 19. o\u017eujka 2025. godine.<\/p>\n\n\n\n<p>Uvodna obra\u0107anja odr\u017eali su:<\/p>\n\n\n\n<p>\u00b7&nbsp;&nbsp;&nbsp;&nbsp;&nbsp;&nbsp;&nbsp;&nbsp;&nbsp;Prof. dr. Zilka \u0160iljak, direktorica TPO fondacije<\/p>\n\n\n\n<p>\u00b7&nbsp;&nbsp;&nbsp;&nbsp;&nbsp;&nbsp;&nbsp;&nbsp;&nbsp;Nj. e. Julian Reilly, britanski ambasador u Bosni i Hercegovini<\/p>\n\n\n\n<p>\u00b7&nbsp;&nbsp;&nbsp;&nbsp;&nbsp;&nbsp;&nbsp;&nbsp;&nbsp;Prof. dr. Arma Tanovi\u0107, prorektorica Univerziteta u Sarajevu<\/p>\n\n\n\n<p>\u00b7&nbsp;&nbsp;&nbsp;&nbsp;&nbsp;&nbsp;&nbsp;&nbsp;&nbsp;Prof. dr. Rifat \u0160krijelj, direktor Centra za interdisciplinarne studije Univerziteta u Sarajevu<\/p>\n\n\n\n<p>\u00b7&nbsp;&nbsp;&nbsp;&nbsp;&nbsp;&nbsp;&nbsp;&nbsp;&nbsp;Prof. dr. Snje\u017eana Priji\u0107-Samar\u017eija, rektorica Sveu\u010dili\u0161ta u Rijeci<\/p>\n\n\n\n<p>Nakon uvodnih govora, uslijedila je retrospektiva projekta UNIGEM, koja je obuhvatila 19 kratkih videa koji su prikazali \u010detverogodi\u0161nji rad na projektu. Video materijal su pripremili koordinatori i koordinatorice partnerskih institucija, uklju\u010duju\u0107i i Sveu\u010dili\u0161te Hercegovina, koje je svojim anga\u017emanom&nbsp; doprinijelo uspjehu projekta.&nbsp;<\/p>\n\n\n\n<p>Doga\u0111aj je zavr\u0161en dodjelom zahvalnica koordinatorima_icama i partnerima projekta, \u010dime se dao dodatan poticaj da zajedni\u010dki cilj projekta i dalje \u017eivi na sveu\u010dili\u0161tima jer Nema jednakosti bez rodne ravnopravnosti.Studiju sa rezultatima projekta mo\u017eete preuzeti na sljde\u0107oj <a href=\"http:\/\/www.tpo.ba\/b\/Publikacije.html\"> POVEZNICI<\/a>.<\/p>\n\n\n\n<figure class=\"wp-block-gallery has-nested-images columns-default is-cropped wp-block-gallery-1 is-layout-flex wp-block-gallery-is-layout-flex\">\n<figure class=\"wp-block-image size-large\"><img fetchpriority=\"high\" decoding=\"async\" width=\"1024\" height=\"576\" data-id=\"16421\" src=\"https:\/\/hercegovina.edu.ba\/hr\/wp-content\/uploads\/2025\/03\/Zavrsni-dogadjaj-UNIGEM-115-1024x576.jpg\" alt=\"\" class=\"wp-image-16421\" srcset=\"https:\/\/hercegovina.edu.ba\/hr\/wp-content\/uploads\/2025\/03\/Zavrsni-dogadjaj-UNIGEM-115-1024x576.jpg 1024w, https:\/\/hercegovina.edu.ba\/hr\/wp-content\/uploads\/2025\/03\/Zavrsni-dogadjaj-UNIGEM-115-300x169.jpg 300w, https:\/\/hercegovina.edu.ba\/hr\/wp-content\/uploads\/2025\/03\/Zavrsni-dogadjaj-UNIGEM-115-768x432.jpg 768w, https:\/\/hercegovina.edu.ba\/hr\/wp-content\/uploads\/2025\/03\/Zavrsni-dogadjaj-UNIGEM-115-1536x863.jpg 1536w, https:\/\/hercegovina.edu.ba\/hr\/wp-content\/uploads\/2025\/03\/Zavrsni-dogadjaj-UNIGEM-115-600x337.jpg 600w, https:\/\/hercegovina.edu.ba\/hr\/wp-content\/uploads\/2025\/03\/Zavrsni-dogadjaj-UNIGEM-115.jpg 2048w\" sizes=\"(max-width: 1024px) 100vw, 1024px\" \/><\/figure>\n\n\n\n<figure class=\"wp-block-image size-large\"><img decoding=\"async\" width=\"1024\" height=\"771\" data-id=\"16420\" src=\"https:\/\/hercegovina.edu.ba\/hr\/wp-content\/uploads\/2025\/03\/Zavrsni-dogadjaj-UNIGEM-66-1024x771.jpg\" alt=\"\" class=\"wp-image-16420\" srcset=\"https:\/\/hercegovina.edu.ba\/hr\/wp-content\/uploads\/2025\/03\/Zavrsni-dogadjaj-UNIGEM-66-1024x771.jpg 1024w, https:\/\/hercegovina.edu.ba\/hr\/wp-content\/uploads\/2025\/03\/Zavrsni-dogadjaj-UNIGEM-66-300x226.jpg 300w, https:\/\/hercegovina.edu.ba\/hr\/wp-content\/uploads\/2025\/03\/Zavrsni-dogadjaj-UNIGEM-66-768x578.jpg 768w, https:\/\/hercegovina.edu.ba\/hr\/wp-content\/uploads\/2025\/03\/Zavrsni-dogadjaj-UNIGEM-66-1536x1156.jpg 1536w, https:\/\/hercegovina.edu.ba\/hr\/wp-content\/uploads\/2025\/03\/Zavrsni-dogadjaj-UNIGEM-66-400x300.jpg 400w, https:\/\/hercegovina.edu.ba\/hr\/wp-content\/uploads\/2025\/03\/Zavrsni-dogadjaj-UNIGEM-66-600x451.jpg 600w, https:\/\/hercegovina.edu.ba\/hr\/wp-content\/uploads\/2025\/03\/Zavrsni-dogadjaj-UNIGEM-66.jpg 2048w\" sizes=\"(max-width: 1024px) 100vw, 1024px\" \/><\/figure>\n\n\n\n<figure class=\"wp-block-image size-large\"><img decoding=\"async\" width=\"1024\" height=\"771\" data-id=\"16419\" src=\"https:\/\/hercegovina.edu.ba\/hr\/wp-content\/uploads\/2025\/03\/Zavrsni-dogadjaj-UNIGEM-103-1024x771.jpg\" alt=\"\" class=\"wp-image-16419\" srcset=\"https:\/\/hercegovina.edu.ba\/hr\/wp-content\/uploads\/2025\/03\/Zavrsni-dogadjaj-UNIGEM-103-1024x771.jpg 1024w, https:\/\/hercegovina.edu.ba\/hr\/wp-content\/uploads\/2025\/03\/Zavrsni-dogadjaj-UNIGEM-103-300x226.jpg 300w, https:\/\/hercegovina.edu.ba\/hr\/wp-content\/uploads\/2025\/03\/Zavrsni-dogadjaj-UNIGEM-103-768x578.jpg 768w, https:\/\/hercegovina.edu.ba\/hr\/wp-content\/uploads\/2025\/03\/Zavrsni-dogadjaj-UNIGEM-103-1536x1157.jpg 1536w, https:\/\/hercegovina.edu.ba\/hr\/wp-content\/uploads\/2025\/03\/Zavrsni-dogadjaj-UNIGEM-103-400x300.jpg 400w, https:\/\/hercegovina.edu.ba\/hr\/wp-content\/uploads\/2025\/03\/Zavrsni-dogadjaj-UNIGEM-103-600x452.jpg 600w, https:\/\/hercegovina.edu.ba\/hr\/wp-content\/uploads\/2025\/03\/Zavrsni-dogadjaj-UNIGEM-103.jpg 2048w\" sizes=\"(max-width: 1024px) 100vw, 1024px\" \/><\/figure>\n<\/figure>\n\n\n\n<p><\/p>\n","protected":false},"excerpt":{"rendered":"<p>ajedni\u010dki projekt 19 sveu\u010dili\u0161ta iz Bosne i Hercegovine i regije \u201eUniversity and Gender Mainstreaming (UNIGEM)\u201c pod koordinacijom TPO fondacije iz Sarajeva i pokroviteljstvom Vlade Ujedinjenog Kraljevstva uspje\u0161no je zavr\u0161en u srijedu, 19. o\u017eujka 2025. godine. Uvodna obra\u0107anja odr\u017eali su: \u00b7&nbsp;&nbsp;&nbsp;&nbsp;&nbsp;&nbsp;&nbsp;&nbsp;&nbsp;Prof. &hellip; <\/p>\n","protected":false},"author":1,"featured_media":16419,"comment_status":"closed","ping_status":"closed","sticky":false,"template":"","format":"standard","meta":{"_jetpack_memberships_contains_paid_content":false,"footnotes":""},"categories":[17,66],"tags":[],"class_list":["post-16418","post","type-post","status-publish","format-standard","has-post-thumbnail","hentry","category-blog","category-novosti"],"yoast_head":"<!-- This site is optimized with the Yoast SEO plugin v27.3 - https:\/\/yoast.com\/product\/yoast-seo-wordpress\/ -->\n<title>Uspje\u0161no zavr\u0161en UNIGEM projekt - Sveu\u010dili\u0161te Hercegovina<\/title>\n<meta name=\"robots\" content=\"index, follow, max-snippet:-1, max-image-preview:large, max-video-preview:-1\" \/>\n<link rel=\"canonical\" href=\"https:\/\/hercegovina.edu.ba\/hr\/uspjesno-zavrsen-unigem-projekt\/\" \/>\n<meta property=\"og:locale\" content=\"hr_HR\" \/>\n<meta property=\"og:type\" content=\"article\" \/>\n<meta property=\"og:title\" content=\"Uspje\u0161no zavr\u0161en UNIGEM projekt - Sveu\u010dili\u0161te Hercegovina\" \/>\n<meta property=\"og:description\" content=\"ajedni\u010dki projekt 19 sveu\u010dili\u0161ta iz Bosne i Hercegovine i regije \u201eUniversity and Gender Mainstreaming (UNIGEM)\u201c pod koordinacijom TPO fondacije iz Sarajeva i pokroviteljstvom Vlade Ujedinjenog Kraljevstva uspje\u0161no je zavr\u0161en u srijedu, 19. o\u017eujka 2025. godine. Uvodna obra\u0107anja odr\u017eali su: \u00b7&nbsp;&nbsp;&nbsp;&nbsp;&nbsp;&nbsp;&nbsp;&nbsp;&nbsp;Prof. &hellip;\" \/>\n<meta property=\"og:url\" content=\"https:\/\/hercegovina.edu.ba\/hr\/uspjesno-zavrsen-unigem-projekt\/\" \/>\n<meta property=\"og:site_name\" content=\"Sveu\u010dili\u0161te Hercegovina\" \/>\n<meta property=\"article:published_time\" content=\"2025-03-23T14:52:20+00:00\" \/>\n<meta property=\"article:modified_time\" content=\"2025-03-23T14:52:21+00:00\" \/>\n<meta property=\"og:image\" content=\"https:\/\/hercegovina.edu.ba\/hr\/wp-content\/uploads\/2025\/03\/Zavrsni-dogadjaj-UNIGEM-103.jpg\" \/>\n\t<meta property=\"og:image:width\" content=\"2048\" \/>\n\t<meta property=\"og:image:height\" content=\"1542\" \/>\n\t<meta property=\"og:image:type\" content=\"image\/jpeg\" \/>\n<meta name=\"author\" content=\"kmaj\" \/>\n<meta name=\"twitter:card\" content=\"summary_large_image\" \/>\n<meta name=\"twitter:label1\" content=\"Napisao\/la\" \/>\n\t<meta name=\"twitter:data1\" content=\"kmaj\" \/>\n\t<meta name=\"twitter:label2\" content=\"Procijenjeno vrijeme \u010ditanja\" \/>\n\t<meta name=\"twitter:data2\" content=\"1 minuta\" \/>\n<script type=\"application\/ld+json\" class=\"yoast-schema-graph\">{\"@context\":\"https:\\\/\\\/schema.org\",\"@graph\":[{\"@type\":\"Article\",\"@id\":\"https:\\\/\\\/hercegovina.edu.ba\\\/hr\\\/uspjesno-zavrsen-unigem-projekt\\\/#article\",\"isPartOf\":{\"@id\":\"https:\\\/\\\/hercegovina.edu.ba\\\/hr\\\/uspjesno-zavrsen-unigem-projekt\\\/\"},\"author\":{\"name\":\"kmaj\",\"@id\":\"https:\\\/\\\/hercegovina.edu.ba\\\/hr\\\/#\\\/schema\\\/person\\\/0685f7907596959d907b14546d11c1b6\"},\"headline\":\"Uspje\u0161no zavr\u0161en UNIGEM projekt\",\"datePublished\":\"2025-03-23T14:52:20+00:00\",\"dateModified\":\"2025-03-23T14:52:21+00:00\",\"mainEntityOfPage\":{\"@id\":\"https:\\\/\\\/hercegovina.edu.ba\\\/hr\\\/uspjesno-zavrsen-unigem-projekt\\\/\"},\"wordCount\":239,\"publisher\":{\"@id\":\"https:\\\/\\\/hercegovina.edu.ba\\\/hr\\\/#organization\"},\"image\":{\"@id\":\"https:\\\/\\\/hercegovina.edu.ba\\\/hr\\\/uspjesno-zavrsen-unigem-projekt\\\/#primaryimage\"},\"thumbnailUrl\":\"https:\\\/\\\/hercegovina.edu.ba\\\/hr\\\/wp-content\\\/uploads\\\/2025\\\/03\\\/Zavrsni-dogadjaj-UNIGEM-103.jpg\",\"articleSection\":[\"Blog\",\"Novosti\"],\"inLanguage\":\"hr\"},{\"@type\":\"WebPage\",\"@id\":\"https:\\\/\\\/hercegovina.edu.ba\\\/hr\\\/uspjesno-zavrsen-unigem-projekt\\\/\",\"url\":\"https:\\\/\\\/hercegovina.edu.ba\\\/hr\\\/uspjesno-zavrsen-unigem-projekt\\\/\",\"name\":\"Uspje\u0161no zavr\u0161en UNIGEM projekt - Sveu\u010dili\u0161te Hercegovina\",\"isPartOf\":{\"@id\":\"https:\\\/\\\/hercegovina.edu.ba\\\/hr\\\/#website\"},\"primaryImageOfPage\":{\"@id\":\"https:\\\/\\\/hercegovina.edu.ba\\\/hr\\\/uspjesno-zavrsen-unigem-projekt\\\/#primaryimage\"},\"image\":{\"@id\":\"https:\\\/\\\/hercegovina.edu.ba\\\/hr\\\/uspjesno-zavrsen-unigem-projekt\\\/#primaryimage\"},\"thumbnailUrl\":\"https:\\\/\\\/hercegovina.edu.ba\\\/hr\\\/wp-content\\\/uploads\\\/2025\\\/03\\\/Zavrsni-dogadjaj-UNIGEM-103.jpg\",\"datePublished\":\"2025-03-23T14:52:20+00:00\",\"dateModified\":\"2025-03-23T14:52:21+00:00\",\"breadcrumb\":{\"@id\":\"https:\\\/\\\/hercegovina.edu.ba\\\/hr\\\/uspjesno-zavrsen-unigem-projekt\\\/#breadcrumb\"},\"inLanguage\":\"hr\",\"potentialAction\":[{\"@type\":\"ReadAction\",\"target\":[\"https:\\\/\\\/hercegovina.edu.ba\\\/hr\\\/uspjesno-zavrsen-unigem-projekt\\\/\"]}]},{\"@type\":\"ImageObject\",\"inLanguage\":\"hr\",\"@id\":\"https:\\\/\\\/hercegovina.edu.ba\\\/hr\\\/uspjesno-zavrsen-unigem-projekt\\\/#primaryimage\",\"url\":\"https:\\\/\\\/hercegovina.edu.ba\\\/hr\\\/wp-content\\\/uploads\\\/2025\\\/03\\\/Zavrsni-dogadjaj-UNIGEM-103.jpg\",\"contentUrl\":\"https:\\\/\\\/hercegovina.edu.ba\\\/hr\\\/wp-content\\\/uploads\\\/2025\\\/03\\\/Zavrsni-dogadjaj-UNIGEM-103.jpg\",\"width\":2048,\"height\":1542},{\"@type\":\"BreadcrumbList\",\"@id\":\"https:\\\/\\\/hercegovina.edu.ba\\\/hr\\\/uspjesno-zavrsen-unigem-projekt\\\/#breadcrumb\",\"itemListElement\":[{\"@type\":\"ListItem\",\"position\":1,\"name\":\"Po\u010detna stranica\",\"item\":\"https:\\\/\\\/hercegovina.edu.ba\\\/hr\\\/\"},{\"@type\":\"ListItem\",\"position\":2,\"name\":\"Uspje\u0161no zavr\u0161en UNIGEM projekt\"}]},{\"@type\":\"WebSite\",\"@id\":\"https:\\\/\\\/hercegovina.edu.ba\\\/hr\\\/#website\",\"url\":\"https:\\\/\\\/hercegovina.edu.ba\\\/hr\\\/\",\"name\":\"Sveu\u010dili\u0161te Hercegovina\",\"description\":\"Obrazovanje\",\"publisher\":{\"@id\":\"https:\\\/\\\/hercegovina.edu.ba\\\/hr\\\/#organization\"},\"potentialAction\":[{\"@type\":\"SearchAction\",\"target\":{\"@type\":\"EntryPoint\",\"urlTemplate\":\"https:\\\/\\\/hercegovina.edu.ba\\\/hr\\\/?s={search_term_string}\"},\"query-input\":{\"@type\":\"PropertyValueSpecification\",\"valueRequired\":true,\"valueName\":\"search_term_string\"}}],\"inLanguage\":\"hr\"},{\"@type\":\"Organization\",\"@id\":\"https:\\\/\\\/hercegovina.edu.ba\\\/hr\\\/#organization\",\"name\":\"Sveu\u010dili\u0161te Hercegovina\",\"url\":\"https:\\\/\\\/hercegovina.edu.ba\\\/hr\\\/\",\"logo\":{\"@type\":\"ImageObject\",\"inLanguage\":\"hr\",\"@id\":\"https:\\\/\\\/hercegovina.edu.ba\\\/hr\\\/#\\\/schema\\\/logo\\\/image\\\/\",\"url\":\"https:\\\/\\\/hercegovina.edu.ba\\\/hr\\\/wp-content\\\/uploads\\\/2025\\\/03\\\/1sveherc.png\",\"contentUrl\":\"https:\\\/\\\/hercegovina.edu.ba\\\/hr\\\/wp-content\\\/uploads\\\/2025\\\/03\\\/1sveherc.png\",\"width\":300,\"height\":100,\"caption\":\"Sveu\u010dili\u0161te Hercegovina\"},\"image\":{\"@id\":\"https:\\\/\\\/hercegovina.edu.ba\\\/hr\\\/#\\\/schema\\\/logo\\\/image\\\/\"}},{\"@type\":\"Person\",\"@id\":\"https:\\\/\\\/hercegovina.edu.ba\\\/hr\\\/#\\\/schema\\\/person\\\/0685f7907596959d907b14546d11c1b6\",\"name\":\"kmaj\",\"image\":{\"@type\":\"ImageObject\",\"inLanguage\":\"hr\",\"@id\":\"https:\\\/\\\/secure.gravatar.com\\\/avatar\\\/883df1c568a45deb18b6d7aecca6d1046ac3b264cc1473b175fa2dd6ca7f7844?s=96&d=mm&r=g\",\"url\":\"https:\\\/\\\/secure.gravatar.com\\\/avatar\\\/883df1c568a45deb18b6d7aecca6d1046ac3b264cc1473b175fa2dd6ca7f7844?s=96&d=mm&r=g\",\"contentUrl\":\"https:\\\/\\\/secure.gravatar.com\\\/avatar\\\/883df1c568a45deb18b6d7aecca6d1046ac3b264cc1473b175fa2dd6ca7f7844?s=96&d=mm&r=g\",\"caption\":\"kmaj\"},\"sameAs\":[\"https:\\\/\\\/hercegovina.edu.ba\\\/hr\"],\"url\":\"https:\\\/\\\/hercegovina.edu.ba\\\/hr\\\/author\\\/kmaj\\\/\"}]}<\/script>\n<!-- \/ Yoast SEO plugin. -->","yoast_head_json":{"title":"Uspje\u0161no zavr\u0161en UNIGEM projekt - Sveu\u010dili\u0161te Hercegovina","robots":{"index":"index","follow":"follow","max-snippet":"max-snippet:-1","max-image-preview":"max-image-preview:large","max-video-preview":"max-video-preview:-1"},"canonical":"https:\/\/hercegovina.edu.ba\/hr\/uspjesno-zavrsen-unigem-projekt\/","og_locale":"hr_HR","og_type":"article","og_title":"Uspje\u0161no zavr\u0161en UNIGEM projekt - Sveu\u010dili\u0161te Hercegovina","og_description":"ajedni\u010dki projekt 19 sveu\u010dili\u0161ta iz Bosne i Hercegovine i regije \u201eUniversity and Gender Mainstreaming (UNIGEM)\u201c pod koordinacijom TPO fondacije iz Sarajeva i pokroviteljstvom Vlade Ujedinjenog Kraljevstva uspje\u0161no je zavr\u0161en u srijedu, 19. o\u017eujka 2025. godine. Uvodna obra\u0107anja odr\u017eali su: \u00b7&nbsp;&nbsp;&nbsp;&nbsp;&nbsp;&nbsp;&nbsp;&nbsp;&nbsp;Prof. &hellip;","og_url":"https:\/\/hercegovina.edu.ba\/hr\/uspjesno-zavrsen-unigem-projekt\/","og_site_name":"Sveu\u010dili\u0161te Hercegovina","article_published_time":"2025-03-23T14:52:20+00:00","article_modified_time":"2025-03-23T14:52:21+00:00","og_image":[{"width":2048,"height":1542,"url":"https:\/\/hercegovina.edu.ba\/hr\/wp-content\/uploads\/2025\/03\/Zavrsni-dogadjaj-UNIGEM-103.jpg","type":"image\/jpeg"}],"author":"kmaj","twitter_card":"summary_large_image","twitter_misc":{"Napisao\/la":"kmaj","Procijenjeno vrijeme \u010ditanja":"1 minuta"},"schema":{"@context":"https:\/\/schema.org","@graph":[{"@type":"Article","@id":"https:\/\/hercegovina.edu.ba\/hr\/uspjesno-zavrsen-unigem-projekt\/#article","isPartOf":{"@id":"https:\/\/hercegovina.edu.ba\/hr\/uspjesno-zavrsen-unigem-projekt\/"},"author":{"name":"kmaj","@id":"https:\/\/hercegovina.edu.ba\/hr\/#\/schema\/person\/0685f7907596959d907b14546d11c1b6"},"headline":"Uspje\u0161no zavr\u0161en UNIGEM projekt","datePublished":"2025-03-23T14:52:20+00:00","dateModified":"2025-03-23T14:52:21+00:00","mainEntityOfPage":{"@id":"https:\/\/hercegovina.edu.ba\/hr\/uspjesno-zavrsen-unigem-projekt\/"},"wordCount":239,"publisher":{"@id":"https:\/\/hercegovina.edu.ba\/hr\/#organization"},"image":{"@id":"https:\/\/hercegovina.edu.ba\/hr\/uspjesno-zavrsen-unigem-projekt\/#primaryimage"},"thumbnailUrl":"https:\/\/hercegovina.edu.ba\/hr\/wp-content\/uploads\/2025\/03\/Zavrsni-dogadjaj-UNIGEM-103.jpg","articleSection":["Blog","Novosti"],"inLanguage":"hr"},{"@type":"WebPage","@id":"https:\/\/hercegovina.edu.ba\/hr\/uspjesno-zavrsen-unigem-projekt\/","url":"https:\/\/hercegovina.edu.ba\/hr\/uspjesno-zavrsen-unigem-projekt\/","name":"Uspje\u0161no zavr\u0161en UNIGEM projekt - Sveu\u010dili\u0161te Hercegovina","isPartOf":{"@id":"https:\/\/hercegovina.edu.ba\/hr\/#website"},"primaryImageOfPage":{"@id":"https:\/\/hercegovina.edu.ba\/hr\/uspjesno-zavrsen-unigem-projekt\/#primaryimage"},"image":{"@id":"https:\/\/hercegovina.edu.ba\/hr\/uspjesno-zavrsen-unigem-projekt\/#primaryimage"},"thumbnailUrl":"https:\/\/hercegovina.edu.ba\/hr\/wp-content\/uploads\/2025\/03\/Zavrsni-dogadjaj-UNIGEM-103.jpg","datePublished":"2025-03-23T14:52:20+00:00","dateModified":"2025-03-23T14:52:21+00:00","breadcrumb":{"@id":"https:\/\/hercegovina.edu.ba\/hr\/uspjesno-zavrsen-unigem-projekt\/#breadcrumb"},"inLanguage":"hr","potentialAction":[{"@type":"ReadAction","target":["https:\/\/hercegovina.edu.ba\/hr\/uspjesno-zavrsen-unigem-projekt\/"]}]},{"@type":"ImageObject","inLanguage":"hr","@id":"https:\/\/hercegovina.edu.ba\/hr\/uspjesno-zavrsen-unigem-projekt\/#primaryimage","url":"https:\/\/hercegovina.edu.ba\/hr\/wp-content\/uploads\/2025\/03\/Zavrsni-dogadjaj-UNIGEM-103.jpg","contentUrl":"https:\/\/hercegovina.edu.ba\/hr\/wp-content\/uploads\/2025\/03\/Zavrsni-dogadjaj-UNIGEM-103.jpg","width":2048,"height":1542},{"@type":"BreadcrumbList","@id":"https:\/\/hercegovina.edu.ba\/hr\/uspjesno-zavrsen-unigem-projekt\/#breadcrumb","itemListElement":[{"@type":"ListItem","position":1,"name":"Po\u010detna stranica","item":"https:\/\/hercegovina.edu.ba\/hr\/"},{"@type":"ListItem","position":2,"name":"Uspje\u0161no zavr\u0161en UNIGEM projekt"}]},{"@type":"WebSite","@id":"https:\/\/hercegovina.edu.ba\/hr\/#website","url":"https:\/\/hercegovina.edu.ba\/hr\/","name":"Sveu\u010dili\u0161te Hercegovina","description":"Obrazovanje","publisher":{"@id":"https:\/\/hercegovina.edu.ba\/hr\/#organization"},"potentialAction":[{"@type":"SearchAction","target":{"@type":"EntryPoint","urlTemplate":"https:\/\/hercegovina.edu.ba\/hr\/?s={search_term_string}"},"query-input":{"@type":"PropertyValueSpecification","valueRequired":true,"valueName":"search_term_string"}}],"inLanguage":"hr"},{"@type":"Organization","@id":"https:\/\/hercegovina.edu.ba\/hr\/#organization","name":"Sveu\u010dili\u0161te Hercegovina","url":"https:\/\/hercegovina.edu.ba\/hr\/","logo":{"@type":"ImageObject","inLanguage":"hr","@id":"https:\/\/hercegovina.edu.ba\/hr\/#\/schema\/logo\/image\/","url":"https:\/\/hercegovina.edu.ba\/hr\/wp-content\/uploads\/2025\/03\/1sveherc.png","contentUrl":"https:\/\/hercegovina.edu.ba\/hr\/wp-content\/uploads\/2025\/03\/1sveherc.png","width":300,"height":100,"caption":"Sveu\u010dili\u0161te Hercegovina"},"image":{"@id":"https:\/\/hercegovina.edu.ba\/hr\/#\/schema\/logo\/image\/"}},{"@type":"Person","@id":"https:\/\/hercegovina.edu.ba\/hr\/#\/schema\/person\/0685f7907596959d907b14546d11c1b6","name":"kmaj","image":{"@type":"ImageObject","inLanguage":"hr","@id":"https:\/\/secure.gravatar.com\/avatar\/883df1c568a45deb18b6d7aecca6d1046ac3b264cc1473b175fa2dd6ca7f7844?s=96&d=mm&r=g","url":"https:\/\/secure.gravatar.com\/avatar\/883df1c568a45deb18b6d7aecca6d1046ac3b264cc1473b175fa2dd6ca7f7844?s=96&d=mm&r=g","contentUrl":"https:\/\/secure.gravatar.com\/avatar\/883df1c568a45deb18b6d7aecca6d1046ac3b264cc1473b175fa2dd6ca7f7844?s=96&d=mm&r=g","caption":"kmaj"},"sameAs":["https:\/\/hercegovina.edu.ba\/hr"],"url":"https:\/\/hercegovina.edu.ba\/hr\/author\/kmaj\/"}]}},"jetpack_featured_media_url":"https:\/\/hercegovina.edu.ba\/hr\/wp-content\/uploads\/2025\/03\/Zavrsni-dogadjaj-UNIGEM-103.jpg","jetpack_sharing_enabled":true,"_links":{"self":[{"href":"https:\/\/hercegovina.edu.ba\/hr\/wp-json\/wp\/v2\/posts\/16418","targetHints":{"allow":["GET"]}}],"collection":[{"href":"https:\/\/hercegovina.edu.ba\/hr\/wp-json\/wp\/v2\/posts"}],"about":[{"href":"https:\/\/hercegovina.edu.ba\/hr\/wp-json\/wp\/v2\/types\/post"}],"author":[{"embeddable":true,"href":"https:\/\/hercegovina.edu.ba\/hr\/wp-json\/wp\/v2\/users\/1"}],"replies":[{"embeddable":true,"href":"https:\/\/hercegovina.edu.ba\/hr\/wp-json\/wp\/v2\/comments?post=16418"}],"version-history":[{"count":1,"href":"https:\/\/hercegovina.edu.ba\/hr\/wp-json\/wp\/v2\/posts\/16418\/revisions"}],"predecessor-version":[{"id":16422,"href":"https:\/\/hercegovina.edu.ba\/hr\/wp-json\/wp\/v2\/posts\/16418\/revisions\/16422"}],"wp:featuredmedia":[{"embeddable":true,"href":"https:\/\/hercegovina.edu.ba\/hr\/wp-json\/wp\/v2\/media\/16419"}],"wp:attachment":[{"href":"https:\/\/hercegovina.edu.ba\/hr\/wp-json\/wp\/v2\/media?parent=16418"}],"wp:term":[{"taxonomy":"category","embeddable":true,"href":"https:\/\/hercegovina.edu.ba\/hr\/wp-json\/wp\/v2\/categories?post=16418"},{"taxonomy":"post_tag","embeddable":true,"href":"https:\/\/hercegovina.edu.ba\/hr\/wp-json\/wp\/v2\/tags?post=16418"}],"curies":[{"name":"wp","href":"https:\/\/api.w.org\/{rel}","templated":true}]}}